{"id":146119,"date":"2026-03-06T10:41:03","date_gmt":"2026-03-06T13:41:03","guid":{"rendered":"https:\/\/revistaesperanzas.com\/web\/?p=146119"},"modified":"2026-03-06T10:41:03","modified_gmt":"2026-03-06T13:41:03","slug":"comisaria-cuarta-urbana","status":"publish","type":"post","link":"https:\/\/revistaesperanzas.com\/web\/2026\/03\/comisaria-cuarta-urbana\/","title":{"rendered":"COMISARIA CUARTA URBANA"},"content":{"rendered":"<p>La Polic\u00eda demor\u00f3 a un hombre quien aparentemente habr\u00eda sustra\u00eddo herramientas de una obra en construcci\u00f3n.<\/p>\n<p>En horas del mediod\u00eda DEL 05-02-26, efectivos policiales dependientes de la Comisaria Cuarta urbana, demoraron a un hombre quien momentos antes habr\u00eda ingresado a una obra en construcci\u00f3n, lugar de donde aparentemente sustrajo herramientas, las cuales fueron secuestradas.<\/p>\n<p>El procedimiento, lo llevaron a cabo por calle Gobernador Rolon, lugar donde un hombre se encontraba protagonizando una ri\u00f1a y por manifestaciones de transe\u00fantes, el mismo momento antes habr\u00eda sustra\u00eddo un taladro y una soldadora.<\/p>\n<p>La persona demorada y los elementos recuperados fueron puestos a disposici\u00f3n de la justicia y trasladados hasta la mencionada comisaria a fin de continuar con las diligencias del caso.<\/p>\n","protected":false},"excerpt":{"rendered":"<p>La Polic\u00eda demor\u00f3 a un hombre quien aparentemente habr\u00eda sustra\u00eddo herramientas de una obra en construcci\u00f3n. En horas del mediod\u00eda DEL 05-02-26, efectivos policiales dependientes de la Comisaria Cuarta urbana, demoraron a un hombre quien momentos antes habr\u00eda ingresado a una obra en construcci\u00f3n, lugar de donde aparentemente sustrajo herramientas, las cuales fueron secuestradas. El [&hellip;]<\/p>\n","protected":false},"author":4,"featured_media":146121,"comment_status":"closed","ping_status":"closed","sticky":false,"template":"","format":"standard","meta":{"footnotes":""},"categories":[58],"tags":[],"class_list":{"0":"post-146119","1":"post","2":"type-post","3":"status-publish","4":"format-standard","5":"has-post-thumbnail","7":"category-corrientes"},"_links":{"self":[{"href":"https:\/\/revistaesperanzas.com\/web\/wp-json\/wp\/v2\/posts\/146119","targetHints":{"allow":["GET"]}}],"collection":[{"href":"https:\/\/revistaesperanzas.com\/web\/wp-json\/wp\/v2\/posts"}],"about":[{"href":"https:\/\/revistaesperanzas.com\/web\/wp-json\/wp\/v2\/types\/post"}],"author":[{"embeddable":true,"href":"https:\/\/revistaesperanzas.com\/web\/wp-json\/wp\/v2\/users\/4"}],"replies":[{"embeddable":true,"href":"https:\/\/revistaesperanzas.com\/web\/wp-json\/wp\/v2\/comments?post=146119"}],"version-history":[{"count":1,"href":"https:\/\/revistaesperanzas.com\/web\/wp-json\/wp\/v2\/posts\/146119\/revisions"}],"predecessor-version":[{"id":146122,"href":"https:\/\/revistaesperanzas.com\/web\/wp-json\/wp\/v2\/posts\/146119\/revisions\/146122"}],"wp:featuredmedia":[{"embeddable":true,"href":"https:\/\/revistaesperanzas.com\/web\/wp-json\/wp\/v2\/media\/146121"}],"wp:attachment":[{"href":"https:\/\/revistaesperanzas.com\/web\/wp-json\/wp\/v2\/media?parent=146119"}],"wp:term":[{"taxonomy":"category","embeddable":true,"href":"https:\/\/revistaesperanzas.com\/web\/wp-json\/wp\/v2\/categories?post=146119"},{"taxonomy":"post_tag","embeddable":true,"href":"https:\/\/revistaesperanzas.com\/web\/wp-json\/wp\/v2\/tags?post=146119"}],"curies":[{"name":"wp","href":"https:\/\/api.w.org\/{rel}","templated":true}]}}