{"id":146126,"date":"2026-03-06T11:10:39","date_gmt":"2026-03-06T14:10:39","guid":{"rendered":"https:\/\/revistaesperanzas.com\/web\/?p=146126"},"modified":"2026-03-06T11:10:39","modified_gmt":"2026-03-06T14:10:39","slug":"isla-apipe-chico-informacion-inicial","status":"publish","type":"post","link":"https:\/\/revistaesperanzas.com\/web\/2026\/03\/isla-apipe-chico-informacion-inicial\/","title":{"rendered":"ISLA APIPE CHICO (INFORMACI\u00d3N INICIAL)"},"content":{"rendered":"<p>Investigan un supuesto homicidio. El presunto autor se encuentra aprehendido.<\/p>\n<p>Efectivos Policiales de la ComISLA APIPE CHICO (INFORMACI\u00d3N INICIAL)isar\u00eda de Distrito Primera de Ituzaing\u00f3, en colaboraci\u00f3n con la Unidad Fiscal en turno, llevan adelante labores investigativas en relaci\u00f3n a un hecho ocurrido en horas de la noche de ayer 05-03-26, en el cual un hombre de 34 a\u00f1os de edad falleciera, presuntamente tras haber protagonizado alg\u00fan tipo de altercado con un compa\u00f1eros de trabajo, resultando con lesiones compatibles con las producidas por arma blanca por parte de esta persona, quien ya se encuentra aprehendida.<\/p>\n<p>Seg\u00fan las primeras averiguaciones efectuadas y la informaci\u00f3n preliminar obtenida, el hecho se habr\u00eda registrado alrededor de las 23:00 horas, en inmediaciones del Lote N\u00b011 de Isla Apipe Chico, lugar donde los uniformados constataron la presencia de un hombre que se encontraba sin vida, identificado posteriormente con el apellido -Barboza, de 34 a\u00f1os de edad, quien se hallaba con lesiones compatibles con arma blanca.<\/p>\n<p>En ese marco, lograron identificar al presunto autor del hecho, procedi\u00e9ndose a la aprehensi\u00f3n del mismo, un hombre de 44 a\u00f1os de edad, desconoci\u00e9ndose hasta el momento m\u00e1s detalles y pormenores del hecho.<\/p>\n<p>El aprehendido fue puesto a disposici\u00f3n de la autoridad fiscal en turno, siendo trasladado a la citada dependencia policial a fin de proseguir con los tr\u00e1mites del caso.<\/p>\n","protected":false},"excerpt":{"rendered":"<p>Investigan un supuesto homicidio. El presunto autor se encuentra aprehendido. Efectivos Policiales de la ComISLA APIPE CHICO (INFORMACI\u00d3N INICIAL)isar\u00eda de Distrito Primera de Ituzaing\u00f3, en colaboraci\u00f3n con la Unidad Fiscal en turno, llevan adelante labores investigativas en relaci\u00f3n a un hecho ocurrido en horas de la noche de ayer 05-03-26, en el cual un hombre [&hellip;]<\/p>\n","protected":false},"author":4,"featured_media":146127,"comment_status":"closed","ping_status":"closed","sticky":false,"template":"","format":"standard","meta":{"footnotes":""},"categories":[58],"tags":[],"class_list":{"0":"post-146126","1":"post","2":"type-post","3":"status-publish","4":"format-standard","5":"has-post-thumbnail","7":"category-corrientes"},"_links":{"self":[{"href":"https:\/\/revistaesperanzas.com\/web\/wp-json\/wp\/v2\/posts\/146126","targetHints":{"allow":["GET"]}}],"collection":[{"href":"https:\/\/revistaesperanzas.com\/web\/wp-json\/wp\/v2\/posts"}],"about":[{"href":"https:\/\/revistaesperanzas.com\/web\/wp-json\/wp\/v2\/types\/post"}],"author":[{"embeddable":true,"href":"https:\/\/revistaesperanzas.com\/web\/wp-json\/wp\/v2\/users\/4"}],"replies":[{"embeddable":true,"href":"https:\/\/revistaesperanzas.com\/web\/wp-json\/wp\/v2\/comments?post=146126"}],"version-history":[{"count":1,"href":"https:\/\/revistaesperanzas.com\/web\/wp-json\/wp\/v2\/posts\/146126\/revisions"}],"predecessor-version":[{"id":146128,"href":"https:\/\/revistaesperanzas.com\/web\/wp-json\/wp\/v2\/posts\/146126\/revisions\/146128"}],"wp:featuredmedia":[{"embeddable":true,"href":"https:\/\/revistaesperanzas.com\/web\/wp-json\/wp\/v2\/media\/146127"}],"wp:attachment":[{"href":"https:\/\/revistaesperanzas.com\/web\/wp-json\/wp\/v2\/media?parent=146126"}],"wp:term":[{"taxonomy":"category","embeddable":true,"href":"https:\/\/revistaesperanzas.com\/web\/wp-json\/wp\/v2\/categories?post=146126"},{"taxonomy":"post_tag","embeddable":true,"href":"https:\/\/revistaesperanzas.com\/web\/wp-json\/wp\/v2\/tags?post=146126"}],"curies":[{"name":"wp","href":"https:\/\/api.w.org\/{rel}","templated":true}]}}