{"id":146129,"date":"2026-03-06T18:32:38","date_gmt":"2026-03-06T21:32:38","guid":{"rendered":"https:\/\/revistaesperanzas.com\/web\/?p=146129"},"modified":"2026-03-06T18:32:38","modified_gmt":"2026-03-06T21:32:38","slug":"mujeres-que-se-mueven-baile-alegria-y-gran-convocatoria-en-la-estacion-de-los-ninos","status":"publish","type":"post","link":"https:\/\/revistaesperanzas.com\/web\/2026\/03\/mujeres-que-se-mueven-baile-alegria-y-gran-convocatoria-en-la-estacion-de-los-ninos\/","title":{"rendered":"\u201cMUJERES QUE SE MUEVEN\u201d: BAILE, ALEGR\u00cdA Y GRAN CONVOCATORIA EN LA ESTACI\u00d3N DE LOS NI\u00d1OS"},"content":{"rendered":"<p style=\"font-weight: 400;\">En la tarde\/ noche del jueves, la Estaci\u00f3n de los Ni\u00f1os (ex predio del Ferrocarril) se llen\u00f3 de m\u00fasica, movimiento y alegr\u00eda con la realizaci\u00f3n de la actividad \u201cMujeres que se Mueven\u201d, una propuesta impulsada por la Municipalidad de Goya en el marco del programa Goya Baila, pensada para promover la actividad f\u00edsica, la vida saludable y la integraci\u00f3n social a trav\u00e9s de la danza.<a href=\"https:\/\/revistaesperanzas.com\/web\/2026\/03\/mujeres-que-se-mueven-baile-alegria-y-gran-convocatoria-en-la-estacion-de-los-ninos\/mujeres-que-se-mueven-2\/\" rel=\"attachment wp-att-146131\"><img loading=\"lazy\" decoding=\"async\" class=\" wp-image-146131 alignleft\" src=\"https:\/\/revistaesperanzas.com\/web\/wp-content\/uploads\/2026\/03\/mujeres-que-se-mueven-2.jpeg\" alt=\"\" width=\"550\" height=\"376\" srcset=\"https:\/\/revistaesperanzas.com\/web\/wp-content\/uploads\/2026\/03\/mujeres-que-se-mueven-2.jpeg 600w, https:\/\/revistaesperanzas.com\/web\/wp-content\/uploads\/2026\/03\/mujeres-que-se-mueven-2-218x150.jpeg 218w\" sizes=\"auto, (max-width: 550px) 100vw, 550px\" \/><\/a><\/p>\n<p style=\"font-weight: 400;\">El evento, que fue abierta y gratuita, convoc\u00f3 a una importante cantidad de vecinos que se acercaron con ropa c\u00f3moda y muchas ganas de bailar. En su gran mayor\u00eda, los participantes lucieron remeras color rosa, aportando un tono simb\u00f3lico a la actividad, realizada adem\u00e1s en adhesi\u00f3n al D\u00eda Internacional de la Mujer, que se conmemora cada 8 de marzo.<a href=\"https:\/\/revistaesperanzas.com\/web\/2026\/03\/mujeres-que-se-mueven-baile-alegria-y-gran-convocatoria-en-la-estacion-de-los-ninos\/mujeres-que-se-mueven-4\/\" rel=\"attachment wp-att-146132\"><img loading=\"lazy\" decoding=\"async\" class=\" wp-image-146132 alignright\" src=\"https:\/\/revistaesperanzas.com\/web\/wp-content\/uploads\/2026\/03\/mujeres-que-se-mueven-4.jpeg\" alt=\"\" width=\"550\" height=\"376\" srcset=\"https:\/\/revistaesperanzas.com\/web\/wp-content\/uploads\/2026\/03\/mujeres-que-se-mueven-4.jpeg 600w, https:\/\/revistaesperanzas.com\/web\/wp-content\/uploads\/2026\/03\/mujeres-que-se-mueven-4-218x150.jpeg 218w\" sizes=\"auto, (max-width: 550px) 100vw, 550px\" \/><\/a><\/p>\n<p style=\"font-weight: 400;\">La iniciativa fue coordinada por la profesora Gladys L\u00f3pez Beltr\u00e1n, y cont\u00f3 con el acompa\u00f1amiento y el madrinazgo de la concejal Gabriela Refojos, quien se sum\u00f3 a esta propuesta que combin\u00f3 actividad f\u00edsica, recreaci\u00f3n y encuentro comunitario.<\/p>\n<p style=\"font-weight: 400;\">Durante la actividad, distintos profesores que forman parte del programa municipal fueron los encargados de animar el encuentro, cada uno aportando su estilo y su ritmo para mantener el entusiasmo del p\u00fablico.<a href=\"https:\/\/revistaesperanzas.com\/web\/2026\/03\/mujeres-que-se-mueven-baile-alegria-y-gran-convocatoria-en-la-estacion-de-los-ninos\/mujeres-que-se-mueven-3\/\" rel=\"attachment wp-att-146133\"><img loading=\"lazy\" decoding=\"async\" class=\" wp-image-146133 alignleft\" src=\"https:\/\/revistaesperanzas.com\/web\/wp-content\/uploads\/2026\/03\/mujeres-que-se-mueven-3.jpeg\" alt=\"\" width=\"550\" height=\"376\" srcset=\"https:\/\/revistaesperanzas.com\/web\/wp-content\/uploads\/2026\/03\/mujeres-que-se-mueven-3.jpeg 600w, https:\/\/revistaesperanzas.com\/web\/wp-content\/uploads\/2026\/03\/mujeres-que-se-mueven-3-218x150.jpeg 218w\" sizes=\"auto, (max-width: 550px) 100vw, 550px\" \/><\/a><\/p>\n<p style=\"font-weight: 400;\">As\u00ed, sobre el escenario improvisado de la Estaci\u00f3n de los Ni\u00f1os, Sergio Bathett, \u201cPato\u201d Acu\u00f1a, Valeria Bogado y Maxi Ojeda guiaron coreograf\u00edas, ejercicios y secuencias de baile que hicieron vibrar a los asistentes, quienes no dudaron en sumarse a cada propuesta con entusiasmo.<\/p>\n<p style=\"font-weight: 400;\">La m\u00fasica marc\u00f3 el pulso de una tarde que se transform\u00f3 en una verdadera fiesta del movimiento. Entre risas, aplausos y coreograf\u00edas compartidas, mujeres y hombres de<a href=\"https:\/\/revistaesperanzas.com\/web\/2026\/03\/mujeres-que-se-mueven-baile-alegria-y-gran-convocatoria-en-la-estacion-de-los-ninos\/mujeres-que-se-mueven-5\/\" rel=\"attachment wp-att-146134\"><img loading=\"lazy\" decoding=\"async\" class=\" wp-image-146134 alignright\" src=\"https:\/\/revistaesperanzas.com\/web\/wp-content\/uploads\/2026\/03\/mujeres-que-se-mueven-5.jpeg\" alt=\"\" width=\"550\" height=\"376\" srcset=\"https:\/\/revistaesperanzas.com\/web\/wp-content\/uploads\/2026\/03\/mujeres-que-se-mueven-5.jpeg 600w, https:\/\/revistaesperanzas.com\/web\/wp-content\/uploads\/2026\/03\/mujeres-que-se-mueven-5-218x150.jpeg 218w\" sizes=\"auto, (max-width: 550px) 100vw, 550px\" \/><\/a> distintas edades participaron de esta experiencia que uni\u00f3 actividad f\u00edsica con recreaci\u00f3n y encuentro.<\/p>\n<p style=\"font-weight: 400;\">SORTEOS<\/p>\n<p style=\"font-weight: 400;\">Como parte de la jornada, tambi\u00e9n se realizaron sorteos destinados especialmente a las mujeres que participaron del programa, generando momentos de alegr\u00eda y expectativa entre las presentes. Esta iniciativa busc\u00f3 reconocer y celebrar su participaci\u00f3n, sumando un atractivo m\u00e1s a una tarde que combin\u00f3 movimiento, encuentro y diversi\u00f3n.<a href=\"https:\/\/revistaesperanzas.com\/web\/2026\/03\/mujeres-que-se-mueven-baile-alegria-y-gran-convocatoria-en-la-estacion-de-los-ninos\/mujeres-que-se-mueven-6\/\" rel=\"attachment wp-att-146135\"><img loading=\"lazy\" decoding=\"async\" class=\" wp-image-146135 alignleft\" src=\"https:\/\/revistaesperanzas.com\/web\/wp-content\/uploads\/2026\/03\/mujeres-que-se-mueven-6.jpeg\" alt=\"\" width=\"550\" height=\"376\" srcset=\"https:\/\/revistaesperanzas.com\/web\/wp-content\/uploads\/2026\/03\/mujeres-que-se-mueven-6.jpeg 600w, https:\/\/revistaesperanzas.com\/web\/wp-content\/uploads\/2026\/03\/mujeres-que-se-mueven-6-218x150.jpeg 218w\" sizes=\"auto, (max-width: 550px) 100vw, 550px\" \/><\/a><\/p>\n<p style=\"font-weight: 400;\">Por su parte, la Municipalidad de Goya dispuso adem\u00e1s un puesto de hidrataci\u00f3n para que los participantes pudieran recuperar energ\u00edas luego de cada bloque de baile y ejercicios, permitiendo as\u00ed continuar con la actividad de manera segura y saludable.<\/p>\n<p style=\"font-weight: 400;\">De esta manera, \u201cMujeres que se Mueven\u201d se consolid\u00f3 como un espacio de encuentro comunitario, donde el ejercicio f\u00edsico se combin\u00f3 con la celebraci\u00f3n y la participaci\u00f3n colectiva.<a href=\"https:\/\/revistaesperanzas.com\/web\/2026\/03\/mujeres-que-se-mueven-baile-alegria-y-gran-convocatoria-en-la-estacion-de-los-ninos\/mujeres-que-se-mueven-8\/\" rel=\"attachment wp-att-146136\"><img loading=\"lazy\" decoding=\"async\" class=\" wp-image-146136 alignright\" src=\"https:\/\/revistaesperanzas.com\/web\/wp-content\/uploads\/2026\/03\/mujeres-que-se-mueven-8.jpeg\" alt=\"\" width=\"550\" height=\"376\" srcset=\"https:\/\/revistaesperanzas.com\/web\/wp-content\/uploads\/2026\/03\/mujeres-que-se-mueven-8.jpeg 600w, https:\/\/revistaesperanzas.com\/web\/wp-content\/uploads\/2026\/03\/mujeres-que-se-mueven-8-218x150.jpeg 218w\" sizes=\"auto, (max-width: 550px) 100vw, 550px\" \/><\/a><\/p>\n<p style=\"font-weight: 400;\">Dicha propuesta del programa municipal Goya Baila, dej\u00f3 como saldo una tarde\/ noche cargada de m\u00fasica, compa\u00f1erismo y esp\u00edritu festivo, en la antesala de una fecha significativa como el D\u00eda Internacional de la Mujer, reafirmando el valor del movimiento, la salud y el encuentro como herramientas para fortalecer los v\u00ednculos dentro de la comunidad.<\/p>\n","protected":false},"excerpt":{"rendered":"<p>En la tarde\/ noche del jueves, la Estaci\u00f3n de los Ni\u00f1os (ex predio del Ferrocarril) se llen\u00f3 de m\u00fasica, movimiento y alegr\u00eda con la realizaci\u00f3n de la actividad \u201cMujeres que se Mueven\u201d, una propuesta impulsada por la Municipalidad de Goya en el marco del programa Goya Baila, pensada para promover la actividad f\u00edsica, la vida [&hellip;]<\/p>\n","protected":false},"author":4,"featured_media":146130,"comment_status":"closed","ping_status":"closed","sticky":false,"template":"","format":"standard","meta":{"footnotes":""},"categories":[45],"tags":[],"class_list":{"0":"post-146129","1":"post","2":"type-post","3":"status-publish","4":"format-standard","5":"has-post-thumbnail","7":"category-locales"},"_links":{"self":[{"href":"https:\/\/revistaesperanzas.com\/web\/wp-json\/wp\/v2\/posts\/146129","targetHints":{"allow":["GET"]}}],"collection":[{"href":"https:\/\/revistaesperanzas.com\/web\/wp-json\/wp\/v2\/posts"}],"about":[{"href":"https:\/\/revistaesperanzas.com\/web\/wp-json\/wp\/v2\/types\/post"}],"author":[{"embeddable":true,"href":"https:\/\/revistaesperanzas.com\/web\/wp-json\/wp\/v2\/users\/4"}],"replies":[{"embeddable":true,"href":"https:\/\/revistaesperanzas.com\/web\/wp-json\/wp\/v2\/comments?post=146129"}],"version-history":[{"count":2,"href":"https:\/\/revistaesperanzas.com\/web\/wp-json\/wp\/v2\/posts\/146129\/revisions"}],"predecessor-version":[{"id":146138,"href":"https:\/\/revistaesperanzas.com\/web\/wp-json\/wp\/v2\/posts\/146129\/revisions\/146138"}],"wp:featuredmedia":[{"embeddable":true,"href":"https:\/\/revistaesperanzas.com\/web\/wp-json\/wp\/v2\/media\/146130"}],"wp:attachment":[{"href":"https:\/\/revistaesperanzas.com\/web\/wp-json\/wp\/v2\/media?parent=146129"}],"wp:term":[{"taxonomy":"category","embeddable":true,"href":"https:\/\/revistaesperanzas.com\/web\/wp-json\/wp\/v2\/categories?post=146129"},{"taxonomy":"post_tag","embeddable":true,"href":"https:\/\/revistaesperanzas.com\/web\/wp-json\/wp\/v2\/tags?post=146129"}],"curies":[{"name":"wp","href":"https:\/\/api.w.org\/{rel}","templated":true}]}}