{"id":146139,"date":"2026-03-06T18:34:16","date_gmt":"2026-03-06T21:34:16","guid":{"rendered":"https:\/\/revistaesperanzas.com\/web\/?p=146139"},"modified":"2026-03-06T18:34:16","modified_gmt":"2026-03-06T21:34:16","slug":"brenda-insaurralde-convocada-a-la-seleccion-argentina-de-trail-y-montana-para-el-sudamericano-en-bolivia","status":"publish","type":"post","link":"https:\/\/revistaesperanzas.com\/web\/2026\/03\/brenda-insaurralde-convocada-a-la-seleccion-argentina-de-trail-y-montana-para-el-sudamericano-en-bolivia\/","title":{"rendered":"BRENDA INSAURRALDE, CONVOCADA A LA SELECCI\u00d3N ARGENTINA DE TRAIL Y MONTA\u00d1A PARA EL SUDAMERICANO EN BOLIVIA"},"content":{"rendered":"<p style=\"font-weight: 400;\">En Goya contin\u00faan destac\u00e1ndose j\u00f3venes deportistas en distintas disciplinas. En esta oportunidad, la atleta goyana Brenda Insaurralde fue oficialmente designada para integrar la Selecci\u00f3n Argentina de Trail y Monta\u00f1a en la categor\u00eda U20, que competir\u00e1 en el pr\u00f3ximo Campeonato Sudamericano a disputarse en Bolivia entre el 16 y el 19 de abril.<\/p>\n<p style=\"font-weight: 400;\">Con esta convocatoria, la joven corredora se convierte en la atleta m\u00e1s joven del equipo nacional, ratificando la gran proyecci\u00f3n que viene demostrando en el atletismo de alto rendimiento. Adem\u00e1s, Brenda pasa a ser la segunda atleta de la provincia de Corrientes en integrar una Selecci\u00f3n Argentina para un Sudamericano de Trail y Monta\u00f1a, un hecho que tambi\u00e9n refleja el crecimiento que esta disciplina viene experimentando en la regi\u00f3n.<\/p>\n<p style=\"font-weight: 400;\">Este nuevo desaf\u00edo internacional llega luego de una experiencia trascendental en su carrera deportiva. El a\u00f1o pasado, Insaurralde represent\u00f3 al pa\u00eds en el Campeonato Mundial de Trail y Monta\u00f1a en Canfranc, Espa\u00f1a, donde compiti\u00f3 frente a las mejores especialistas del mundo en una competencia de alt\u00edsimo nivel. Aquella participaci\u00f3n signific\u00f3 un punto de inflexi\u00f3n en su trayectoria, fortaleciendo su preparaci\u00f3n y consolidando su perfil competitivo.<\/p>\n<p style=\"font-weight: 400;\">En di\u00e1logo telef\u00f3nico con Radio Ciudad 88.3, la atleta goyana comparti\u00f3 su emoci\u00f3n tras conocerse la convocatoria oficial para representar nuevamente al pa\u00eds.<\/p>\n<p style=\"font-weight: 400;\">\u201cEstoy muy contenta, sali\u00f3 el bolet\u00edn oficial donde fui convocada\u201d, expres\u00f3 Brenda al referirse a la confirmaci\u00f3n de su participaci\u00f3n en el Sudamericano.<\/p>\n<p style=\"font-weight: 400;\">La joven deportista explic\u00f3 adem\u00e1s c\u00f3mo es la exigente preparaci\u00f3n que viene realizando para afrontar una competencia que se desarrollar\u00e1 en condiciones geogr\u00e1ficas y f\u00edsicas muy demandantes, propias de las carreras de trail en zonas de monta\u00f1a.<\/p>\n<p style=\"font-weight: 400;\">\u201cEstoy haciendo trineo, martes y jueves hago fuerza y por ejemplo s\u00e1bado, domingo hago cuesta, para asimilar el esfuerzo que voy a hacer all\u00e1 tambi\u00e9n\u201d, manifest\u00f3 Brenda al detallar su rutina de entrenamiento.<\/p>\n<p style=\"font-weight: 400;\">El trabajo deportivo de Insaurralde cuenta con un fuerte acompa\u00f1amiento familiar y tambi\u00e9n con el seguimiento de un entrenador especializado que gu\u00eda su preparaci\u00f3n desde la capital provincial.<\/p>\n<p style=\"font-weight: 400;\">\u201cTengo al profesor de Corrientes Capital de \u201cCorrientes Corre\u201d que me manda los entrenamientos\u201d, explic\u00f3 la atleta.<\/p>\n<p style=\"font-weight: 400;\">Sobre esa planificaci\u00f3n a distancia, agreg\u00f3: \u201cMe manda el entrenamiento a distancia y me dice \u201c\u00bfcu\u00e1ntas pasadas hago? \u00bfa qu\u00e9 ritmo? \u00bfcu\u00e1nto descanso entre cada pasada\u201d.<\/p>\n<p style=\"font-weight: 400;\">La competencia internacional en la que participar\u00e1 la atleta goyana se desarrollar\u00e1 en abril, un objetivo que ya forma parte central de su calendario deportivo.<\/p>\n<p style=\"font-weight: 400;\">\u201cS\u00ed, desde el 16 de abril al 19\u201d, confirm\u00f3 Insaurralde.<\/p>\n<p style=\"font-weight: 400;\">Aunque compite en la categor\u00eda Sub 20, Brenda contin\u00faa siendo la integrante m\u00e1s joven del equipo nacional, un dato que resalta a\u00fan m\u00e1s el m\u00e9rito de su convocatoria.<\/p>\n<p style=\"font-weight: 400;\">\u201cS\u00ed, ahora tambi\u00e9n van otras a competir para la Argentina, pero soy la m\u00e1s joven\u201d, coment\u00f3.<\/p>\n<p style=\"font-weight: 400;\">La noticia de su designaci\u00f3n fue recibida con enorme alegr\u00eda por la joven corredora, que aguardaba con expectativa la publicaci\u00f3n oficial de la convocatoria.<\/p>\n<p style=\"font-weight: 400;\">\u201cLa verdad que estoy muy contenta porque estaba esperando esa noticia y se dio\u201d, sostuvo.<\/p>\n<p style=\"font-weight: 400;\">Sobre el momento en que conoci\u00f3 oficialmente la confirmaci\u00f3n, relat\u00f3: \u201cEl lunes mandaron el bolet\u00edn y ah\u00ed estaba esperando esa noticia, a ver si iba o no iba, y la verdad que me emocion\u00e9 y ahora entrenar fuerte\u201d.<\/p>\n<p style=\"font-weight: 400;\">El logro deportivo tambi\u00e9n fue celebrado en la instituci\u00f3n educativa a la que asiste Brenda, la Escuela La Rotonda, donde directivos, docentes y compa\u00f1eros compartieron la alegr\u00eda por la convocatoria.<\/p>\n<p style=\"font-weight: 400;\">\u201cAyer la directora, la profesora me hicieron pasar adelante y me dijo \u201cFelicitaciones\u201d. Me abrazaron, muy emocionadas tambi\u00e9n\u201d, cont\u00f3 la atleta.<\/p>\n<p style=\"font-weight: 400;\">Para la joven corredora, el acompa\u00f1amiento de la escuela resulta fundamental en esta etapa de su carrera deportiva, donde debe combinar los estudios con una intensa preparaci\u00f3n f\u00edsica.<\/p>\n<p style=\"font-weight: 400;\">\u201cS\u00ed, eso es lo bueno que la escuela tambi\u00e9n apoya\u201d, destac\u00f3.<\/p>\n<p style=\"font-weight: 400;\">A ese respaldo institucional se suma el permanente apoyo de su familia, de la comunidad deportiva de Goya y de los distintos grupos de runners que siguen de cerca su crecimiento en el atletismo.<\/p>\n<p style=\"font-weight: 400;\">Asimismo, su participaci\u00f3n en competencias de nivel internacional tambi\u00e9n cuenta con el acompa\u00f1amiento de patrocinadores que colaboran para afrontar los costos que implican este tipo de eventos.<\/p>\n<p style=\"font-weight: 400;\">\u201cAhora tengo el sponsor de GIGARED que siempre me est\u00e1 ayudando, con eso cubro los gastos de alojamiento, inscripci\u00f3n y as\u00ed que muy agradecida\u201d, concluy\u00f3 Brenda Insaurralde.<\/p>\n<p style=\"font-weight: 400;\">La convocatoria de la atleta goyana a la Selecci\u00f3n Argentina vuelve a poner en valor el trabajo que se realiza desde las escuelas municipales de atletismo y el esfuerzo conjunto de entrenadores, instituciones y familias que acompa\u00f1an el desarrollo deportivo de los j\u00f3venes talentos de la ciudad.<\/p>\n<p style=\"font-weight: 400;\">Con apenas 20 a\u00f1os y una carrera en pleno crecimiento, Brenda Insaurralde contin\u00faa escribiendo su historia en el atletismo nacional, llevando el nombre de Goya y de Corrientes a las competencias internacionales m\u00e1s exigentes del trail y la monta\u00f1a.<\/p>\n","protected":false},"excerpt":{"rendered":"<p>En Goya contin\u00faan destac\u00e1ndose j\u00f3venes deportistas en distintas disciplinas. En esta oportunidad, la atleta goyana Brenda Insaurralde fue oficialmente designada para integrar la Selecci\u00f3n Argentina de Trail y Monta\u00f1a en la categor\u00eda U20, que competir\u00e1 en el pr\u00f3ximo Campeonato Sudamericano a disputarse en Bolivia entre el 16 y el 19 de abril. Con esta convocatoria, [&hellip;]<\/p>\n","protected":false},"author":4,"featured_media":146140,"comment_status":"closed","ping_status":"closed","sticky":false,"template":"","format":"standard","meta":{"footnotes":""},"categories":[45],"tags":[],"class_list":{"0":"post-146139","1":"post","2":"type-post","3":"status-publish","4":"format-standard","5":"has-post-thumbnail","7":"category-locales"},"_links":{"self":[{"href":"https:\/\/revistaesperanzas.com\/web\/wp-json\/wp\/v2\/posts\/146139","targetHints":{"allow":["GET"]}}],"collection":[{"href":"https:\/\/revistaesperanzas.com\/web\/wp-json\/wp\/v2\/posts"}],"about":[{"href":"https:\/\/revistaesperanzas.com\/web\/wp-json\/wp\/v2\/types\/post"}],"author":[{"embeddable":true,"href":"https:\/\/revistaesperanzas.com\/web\/wp-json\/wp\/v2\/users\/4"}],"replies":[{"embeddable":true,"href":"https:\/\/revistaesperanzas.com\/web\/wp-json\/wp\/v2\/comments?post=146139"}],"version-history":[{"count":1,"href":"https:\/\/revistaesperanzas.com\/web\/wp-json\/wp\/v2\/posts\/146139\/revisions"}],"predecessor-version":[{"id":146141,"href":"https:\/\/revistaesperanzas.com\/web\/wp-json\/wp\/v2\/posts\/146139\/revisions\/146141"}],"wp:featuredmedia":[{"embeddable":true,"href":"https:\/\/revistaesperanzas.com\/web\/wp-json\/wp\/v2\/media\/146140"}],"wp:attachment":[{"href":"https:\/\/revistaesperanzas.com\/web\/wp-json\/wp\/v2\/media?parent=146139"}],"wp:term":[{"taxonomy":"category","embeddable":true,"href":"https:\/\/revistaesperanzas.com\/web\/wp-json\/wp\/v2\/categories?post=146139"},{"taxonomy":"post_tag","embeddable":true,"href":"https:\/\/revistaesperanzas.com\/web\/wp-json\/wp\/v2\/tags?post=146139"}],"curies":[{"name":"wp","href":"https:\/\/api.w.org\/{rel}","templated":true}]}}