{"id":146147,"date":"2026-03-06T18:39:01","date_gmt":"2026-03-06T21:39:01","guid":{"rendered":"https:\/\/revistaesperanzas.com\/web\/?p=146147"},"modified":"2026-03-06T18:39:01","modified_gmt":"2026-03-06T21:39:01","slug":"por-razones-climaticas-se-posterga-para-manana-sabado-la-inauguracion-de-la-muestra-ellas-crean","status":"publish","type":"post","link":"https:\/\/revistaesperanzas.com\/web\/2026\/03\/por-razones-climaticas-se-posterga-para-manana-sabado-la-inauguracion-de-la-muestra-ellas-crean\/","title":{"rendered":"POR RAZONES CLIM\u00c1TICAS, SE POSTERGA PARA MA\u00d1ANA S\u00c1BADO LA INAUGURACI\u00d3N DE LA MUESTRA \u201cELLAS CREAN\u201d"},"content":{"rendered":"<p style=\"font-weight: 400;\">La Municipalidad de Goya, a trav\u00e9s de la Direcci\u00f3n de Cultura, inform\u00f3 que debido a las inclemencias clim\u00e1ticas se resolvi\u00f3 postergar la inauguraci\u00f3n de la exposici\u00f3n \u201cEllas Crean\u201d, prevista inicialmente para este viernes.<\/p>\n<p style=\"font-weight: 400;\">La actividad, organizada en adhesi\u00f3n al D\u00eda Internacional de la Mujer, corresponde a un Sal\u00f3n Colectivo de artistas goyanas y tendr\u00e1 finalmente su apertura ma\u00f1ana s\u00e1bado 7 de marzo a las 20:30 horas.<\/p>\n<p style=\"font-weight: 400;\">Desde el \u00e1rea de Cultura del municipio comunicaron que la reprogramaci\u00f3n responde exclusivamente a las condiciones clim\u00e1ticas, manteni\u00e9ndose sin cambios el resto de las caracter\u00edsticas de esta propuesta art\u00edstica.<\/p>\n","protected":false},"excerpt":{"rendered":"<p>La Municipalidad de Goya, a trav\u00e9s de la Direcci\u00f3n de Cultura, inform\u00f3 que debido a las inclemencias clim\u00e1ticas se resolvi\u00f3 postergar la inauguraci\u00f3n de la exposici\u00f3n \u201cEllas Crean\u201d, prevista inicialmente para este viernes. La actividad, organizada en adhesi\u00f3n al D\u00eda Internacional de la Mujer, corresponde a un Sal\u00f3n Colectivo de artistas goyanas y tendr\u00e1 finalmente [&hellip;]<\/p>\n","protected":false},"author":4,"featured_media":146148,"comment_status":"closed","ping_status":"closed","sticky":false,"template":"","format":"standard","meta":{"footnotes":""},"categories":[45],"tags":[],"class_list":{"0":"post-146147","1":"post","2":"type-post","3":"status-publish","4":"format-standard","5":"has-post-thumbnail","7":"category-locales"},"_links":{"self":[{"href":"https:\/\/revistaesperanzas.com\/web\/wp-json\/wp\/v2\/posts\/146147","targetHints":{"allow":["GET"]}}],"collection":[{"href":"https:\/\/revistaesperanzas.com\/web\/wp-json\/wp\/v2\/posts"}],"about":[{"href":"https:\/\/revistaesperanzas.com\/web\/wp-json\/wp\/v2\/types\/post"}],"author":[{"embeddable":true,"href":"https:\/\/revistaesperanzas.com\/web\/wp-json\/wp\/v2\/users\/4"}],"replies":[{"embeddable":true,"href":"https:\/\/revistaesperanzas.com\/web\/wp-json\/wp\/v2\/comments?post=146147"}],"version-history":[{"count":1,"href":"https:\/\/revistaesperanzas.com\/web\/wp-json\/wp\/v2\/posts\/146147\/revisions"}],"predecessor-version":[{"id":146149,"href":"https:\/\/revistaesperanzas.com\/web\/wp-json\/wp\/v2\/posts\/146147\/revisions\/146149"}],"wp:featuredmedia":[{"embeddable":true,"href":"https:\/\/revistaesperanzas.com\/web\/wp-json\/wp\/v2\/media\/146148"}],"wp:attachment":[{"href":"https:\/\/revistaesperanzas.com\/web\/wp-json\/wp\/v2\/media?parent=146147"}],"wp:term":[{"taxonomy":"category","embeddable":true,"href":"https:\/\/revistaesperanzas.com\/web\/wp-json\/wp\/v2\/categories?post=146147"},{"taxonomy":"post_tag","embeddable":true,"href":"https:\/\/revistaesperanzas.com\/web\/wp-json\/wp\/v2\/tags?post=146147"}],"curies":[{"name":"wp","href":"https:\/\/api.w.org\/{rel}","templated":true}]}}