{"id":146154,"date":"2026-03-06T20:02:31","date_gmt":"2026-03-06T23:02:31","guid":{"rendered":"https:\/\/revistaesperanzas.com\/web\/?p=146154"},"modified":"2026-03-06T20:02:31","modified_gmt":"2026-03-06T23:02:31","slug":"juan-manuel-garavaglia-dictara-cursos-gratuitos-de-diseno-y-trabajo-con-materiales-sustentables","status":"publish","type":"post","link":"https:\/\/revistaesperanzas.com\/web\/2026\/03\/juan-manuel-garavaglia-dictara-cursos-gratuitos-de-diseno-y-trabajo-con-materiales-sustentables\/","title":{"rendered":"JUAN MANUEL GARAVAGLIA DICTAR\u00c1 CURSOS GRATUITOS DE DISE\u00d1O Y TRABAJO CON MATERIALES SUSTENTABLES"},"content":{"rendered":"<p class=\"x_MsoNormal\" data-olk-copy-source=\"MessageBody\">Mejor traje de carnaval<\/p>\n<p class=\"x_MsoNormal\">El mejor traje masculino de los carnavales de la ciudad de Corrientes es de Juan Manuel Garavaglia, de la comparsa Sapucay.<\/p>\n<p class=\"x_MsoNormal\">Garavaglia, quien vive y trabaja en Santa Fe, dijo haberse enamorado de Corrientes, en especial del carnaval y de Sapucay. Habl\u00f3 de su fastuoso traje, del trabajo que le demand\u00f3 hacerlo y de sus intenciones de dictar un curso gratuito de dise\u00f1o de trajes de carnaval.<\/p>\n<p class=\"x_MsoNormal\">MEJOR TRAJE MASCULINO<\/p>\n<p class=\"x_MsoNormal\">El traje premiado tiene &#8220;3.200 plumas de pavo real beige, 700 amazonas blancas, 10 metros de chinchilla para cubrir el comienzo y los detalles de estructura. Tambi\u00e9n engranajes, madera con pedrer\u00eda, acr\u00edlico, lo que permite; eso gira con motores. Ten\u00eda unas alas de planeador hechas en lienzo te\u00f1ido con t\u00e9, trabajadas de manera artesanal y cosidas con cuero\u201d, detall\u00f3 Garavaglia en relaci\u00f3n a su trabajo art\u00edstico que cont\u00f3 con \u201cmanos colaboradoras amigas\u201d. Adem\u00e1s, utiliz\u00f3 acetato, luces LED, p\u00e1tina de l\u00e1minas de oro, entre otros elementos que se trabajaron independientemente y despu\u00e9s conformaron una obra de arte ambulante.<\/p>\n<p class=\"x_MsoNormal\">Creo que los premios son reconocimientos a las personas\u201d, expres\u00f3 el comparsero, aunque confes\u00f3 que pretende \u201cno quede solo en un premio\u201d. Por ello, est\u00e1 pensando en talleres que \u201cser\u00e1n una realidad, y pronto tendr\u00e1n noticias\u201d.<\/p>\n<p class=\"x_MsoNormal\">El integrante de Sapucay mencion\u00f3 que fue invitado a participar en el desfile c\u00edvico de la Fiesta de la Guitarra en Dolores, provincia de Buenos Aires, del 13 al 15 de marzo. Sin embargo, explic\u00f3 que \u201casistir\u00e1n Franco y Agustina, mis embajadores\u201d. \u201cDe mi parte no puedo participar por las dificultades para trasladar mi traje, que fue dise\u00f1ado para un Cors\u00f3dromo\u201d, agreg\u00f3.<\/p>\n<p class=\"x_MsoNormal\">LOS TALLERES<\/p>\n<p class=\"x_MsoNormal\">Sobre estas capacitaciones detall\u00f3: \u201cSer\u00e1 un taller sobre el uso de materiales sustentables y algo de carnaval. Por Instagram estar\u00e9 publicando lugares y fechas donde nos encontraremos de manera gratuita. La idea es que los interesados en estos talleres se comuniquen conmigo\u201d, resalt\u00f3.<\/p>\n<p class=\"x_MsoNormal\">\u201cLa idea es que la persona venga con su mate para compartir un momento ameno y cercano donde puedan contarme c\u00f3mo hacen lo que saben, para luego abordar c\u00f3mo mejorar el uso de materiales, el efecto que quieren lograr\u201d. Entonces ejemplific\u00f3: \u201cEl uso adecuado de una pluma no es la cantidad, sino la forma en que uno trabaja el material; y as\u00ed es con todo: se puede lograr un efecto lujoso poniendo un acetato de fondo y una piedra cristalina de buena calidad en frente, y armar algo s\u00faper lujoso\u201d.<\/p>\n<p class=\"x_MsoNormal\">\u201cEn carnaval, no es el que m\u00e1s plata tiene, sino el que mejor sabe trabajar el material\u201d finaliz\u00f3 Juan Manuel Garavaglia la entrevista mantenida en Radio Ciudad.<\/p>\n","protected":false},"excerpt":{"rendered":"<p>Mejor traje de carnaval El mejor traje masculino de los carnavales de la ciudad de Corrientes es de Juan Manuel Garavaglia, de la comparsa Sapucay. Garavaglia, quien vive y trabaja en Santa Fe, dijo haberse enamorado de Corrientes, en especial del carnaval y de Sapucay. Habl\u00f3 de su fastuoso traje, del trabajo que le demand\u00f3 [&hellip;]<\/p>\n","protected":false},"author":4,"featured_media":146155,"comment_status":"closed","ping_status":"closed","sticky":false,"template":"","format":"standard","meta":{"footnotes":""},"categories":[45],"tags":[],"class_list":{"0":"post-146154","1":"post","2":"type-post","3":"status-publish","4":"format-standard","5":"has-post-thumbnail","7":"category-locales"},"_links":{"self":[{"href":"https:\/\/revistaesperanzas.com\/web\/wp-json\/wp\/v2\/posts\/146154","targetHints":{"allow":["GET"]}}],"collection":[{"href":"https:\/\/revistaesperanzas.com\/web\/wp-json\/wp\/v2\/posts"}],"about":[{"href":"https:\/\/revistaesperanzas.com\/web\/wp-json\/wp\/v2\/types\/post"}],"author":[{"embeddable":true,"href":"https:\/\/revistaesperanzas.com\/web\/wp-json\/wp\/v2\/users\/4"}],"replies":[{"embeddable":true,"href":"https:\/\/revistaesperanzas.com\/web\/wp-json\/wp\/v2\/comments?post=146154"}],"version-history":[{"count":1,"href":"https:\/\/revistaesperanzas.com\/web\/wp-json\/wp\/v2\/posts\/146154\/revisions"}],"predecessor-version":[{"id":146156,"href":"https:\/\/revistaesperanzas.com\/web\/wp-json\/wp\/v2\/posts\/146154\/revisions\/146156"}],"wp:featuredmedia":[{"embeddable":true,"href":"https:\/\/revistaesperanzas.com\/web\/wp-json\/wp\/v2\/media\/146155"}],"wp:attachment":[{"href":"https:\/\/revistaesperanzas.com\/web\/wp-json\/wp\/v2\/media?parent=146154"}],"wp:term":[{"taxonomy":"category","embeddable":true,"href":"https:\/\/revistaesperanzas.com\/web\/wp-json\/wp\/v2\/categories?post=146154"},{"taxonomy":"post_tag","embeddable":true,"href":"https:\/\/revistaesperanzas.com\/web\/wp-json\/wp\/v2\/tags?post=146154"}],"curies":[{"name":"wp","href":"https:\/\/api.w.org\/{rel}","templated":true}]}}