{"id":146157,"date":"2026-03-06T20:04:01","date_gmt":"2026-03-06T23:04:01","guid":{"rendered":"https:\/\/revistaesperanzas.com\/web\/?p=146157"},"modified":"2026-03-06T20:04:01","modified_gmt":"2026-03-06T23:04:01","slug":"lluvia-caida-en-goya-40-milimetros","status":"publish","type":"post","link":"https:\/\/revistaesperanzas.com\/web\/2026\/03\/lluvia-caida-en-goya-40-milimetros\/","title":{"rendered":"LLUVIA CA\u00cdDA EN GOYA: 40 MIL\u00cdMETROS"},"content":{"rendered":"<p class=\"x_MsoNormal\">Seg\u00fan los datos suministrados por el PRODEGO, la lluvia ca\u00edda en nuestra ciudad, hasta las 15 horas (horario de mayor intensidad) totaliz\u00f3 40 mil\u00edmetros.<\/p>\n<p class=\"x_MsoNormal\">Contin\u00faa la inestabilidad clim\u00e1tica.<\/p>\n","protected":false},"excerpt":{"rendered":"<p>Seg\u00fan los datos suministrados por el PRODEGO, la lluvia ca\u00edda en nuestra ciudad, hasta las 15 horas (horario de mayor intensidad) totaliz\u00f3 40 mil\u00edmetros. Contin\u00faa la inestabilidad clim\u00e1tica.<\/p>\n","protected":false},"author":4,"featured_media":146158,"comment_status":"closed","ping_status":"closed","sticky":false,"template":"","format":"standard","meta":{"footnotes":""},"categories":[45],"tags":[],"class_list":{"0":"post-146157","1":"post","2":"type-post","3":"status-publish","4":"format-standard","5":"has-post-thumbnail","7":"category-locales"},"_links":{"self":[{"href":"https:\/\/revistaesperanzas.com\/web\/wp-json\/wp\/v2\/posts\/146157","targetHints":{"allow":["GET"]}}],"collection":[{"href":"https:\/\/revistaesperanzas.com\/web\/wp-json\/wp\/v2\/posts"}],"about":[{"href":"https:\/\/revistaesperanzas.com\/web\/wp-json\/wp\/v2\/types\/post"}],"author":[{"embeddable":true,"href":"https:\/\/revistaesperanzas.com\/web\/wp-json\/wp\/v2\/users\/4"}],"replies":[{"embeddable":true,"href":"https:\/\/revistaesperanzas.com\/web\/wp-json\/wp\/v2\/comments?post=146157"}],"version-history":[{"count":1,"href":"https:\/\/revistaesperanzas.com\/web\/wp-json\/wp\/v2\/posts\/146157\/revisions"}],"predecessor-version":[{"id":146159,"href":"https:\/\/revistaesperanzas.com\/web\/wp-json\/wp\/v2\/posts\/146157\/revisions\/146159"}],"wp:featuredmedia":[{"embeddable":true,"href":"https:\/\/revistaesperanzas.com\/web\/wp-json\/wp\/v2\/media\/146158"}],"wp:attachment":[{"href":"https:\/\/revistaesperanzas.com\/web\/wp-json\/wp\/v2\/media?parent=146157"}],"wp:term":[{"taxonomy":"category","embeddable":true,"href":"https:\/\/revistaesperanzas.com\/web\/wp-json\/wp\/v2\/categories?post=146157"},{"taxonomy":"post_tag","embeddable":true,"href":"https:\/\/revistaesperanzas.com\/web\/wp-json\/wp\/v2\/tags?post=146157"}],"curies":[{"name":"wp","href":"https:\/\/api.w.org\/{rel}","templated":true}]}}