{"id":146178,"date":"2026-03-06T20:23:02","date_gmt":"2026-03-06T23:23:02","guid":{"rendered":"https:\/\/revistaesperanzas.com\/web\/?p=146178"},"modified":"2026-03-06T20:36:05","modified_gmt":"2026-03-06T23:36:05","slug":"lisandro-paleari-continua-recorriendo-nuestro-departamento-y-comprometiendose-con-la-gente","status":"publish","type":"post","link":"https:\/\/revistaesperanzas.com\/web\/2026\/03\/lisandro-paleari-continua-recorriendo-nuestro-departamento-y-comprometiendose-con-la-gente\/","title":{"rendered":"LISANDRO PALEARI CONTINUA RECORRIENDO NUESTRO DEPARTAMENTO Y COMPROMETIENDOSE CON LA GENTE"},"content":{"rendered":"<p><strong><span style=\"color: #3366ff;\">Nota: Concejal Marcos Damian Gonzalez<\/span><\/strong>\u00a0 &#8211;\u00a0 Crece el conflicto tabacalero en Goya: Concejales advierten con acciones judiciales por pagos atrasados<\/p>\n<p>El viernes por la ma\u00f1ana, los concejales Marcos Gonz\u00e1lez y Bel\u00e9n Gogga recorrieron distintos establecimientos de la zona rural de Goya junto al exjefe de ANSES Goya, Lisandro Paleari para interiorizarse sobre la situaci\u00f3n que atraviesan productores tabacaleros afectados por demoras en los pagos correspondientes a la \u00faltima campa\u00f1a.<\/p>\n<p>Durante la recorrida, los dirigentes dialogaron con productores que manifestaron su preocupaci\u00f3n por los atrasos en la percepci\u00f3n de recursos vinculados a la comercializaci\u00f3n del tabaco entregado durante 2025. Seg\u00fan se\u00f1alaron, la demora impacta de manera directa en la econom\u00eda de las familias rurales y en el circuito comercial de la microrregi\u00f3n.<\/p>\n<p>Los productores explicaron que parte de los pagos vinculados a la actividad tabacalera se realizan a trav\u00e9s de mecanismos que dependen de fondos nacionales, lo que genera incertidumbre cuando se producen demoras en las transferencias o en la aprobaci\u00f3n de programas correspondientes a la actividad.<\/p>\n<p>IMPACTO ECON\u00d3MICO<\/p>\n<p>El tabaco constituye una de las principales actividades productivas del departamento Goya y de la regi\u00f3n del r\u00edo Santa Luc\u00eda. Cada campa\u00f1a moviliza importantes recursos econ\u00f3micos que sostienen a cientos de familias y generan actividad en comercios, transporte e insumos agr\u00edcolas.<\/p>\n<p>Por ese motivo, los productores consultados se\u00f1alaron que la falta de regularizaci\u00f3n de los pagos compromete la planificaci\u00f3n de la pr\u00f3xima campa\u00f1a y dificulta el cumplimiento de obligaciones asumidas durante el ciclo productivo.<\/p>\n<p>En ese contexto, los concejales Gonz\u00e1lez y Gogga manifestaron su preocupaci\u00f3n por la situaci\u00f3n y destacaron la necesidad de dar respuestas concretas a los trabajadores del sector.<\/p>\n<p>POSIBLES ACCIONES JUDICIALES<\/p>\n<p>Tras escuchar los planteos de los productores, los dirigentes anticiparon que se eval\u00faa impulsar acciones legales con el objetivo de que se normalicen los pagos pendientes.<\/p>\n<p>En ese sentido, advirtieron que iniciar\u00e1n acciones civiles para que el Gobierno Nacional de Javier Milei regularice de manera urgente la situaci\u00f3n vinculada a los fondos que corresponden a los productores tabacaleros.<\/p>\n<p>Indicaron adem\u00e1s que el objetivo de estas medidas es garantizar que los recursos lleguen en tiempo y forma a quienes sostienen la actividad productiva.<\/p>\n<p>SEGUIMIENTO DEL CONFLICTO<\/p>\n<p>Durante el encuentro tambi\u00e9n se acord\u00f3 continuar con gestiones institucionales para visibilizar el problema y acompa\u00f1ar el reclamo de los productores. Los dirigentes se\u00f1alaron que la situaci\u00f3n ser\u00e1 seguida de cerca en las pr\u00f3ximas semanas mientras se analizan los pasos a seguir en el plano legal y pol\u00edtico.<\/p>\n<p>Los productores, por su parte, destacaron la importancia de que representantes institucionales se acerquen a la zona rural para conocer de primera mano las dificultades que enfrenta el sector.<\/p>\n<p>El conflicto por los atrasos en los pagos se suma a otros desaf\u00edos que enfrenta la actividad tabacalera en la regi\u00f3n, donde la estabilidad del sistema de financiamiento resulta clave para sostener la producci\u00f3n y el empleo en el \u00e1mbito rural.<\/p>\n<p>&nbsp;<\/p>\n<div style=\"width: 696px;\" class=\"wp-video\"><!--[if lt IE 9]><script>document.createElement('video');<\/script><![endif]-->\n<video class=\"wp-video-shortcode\" id=\"video-146178-1\" width=\"696\" height=\"928\" preload=\"metadata\" controls=\"controls\"><source type=\"video\/mp4\" src=\"https:\/\/revistaesperanzas.com\/web\/wp-content\/uploads\/2026\/03\/WhatsApp-Video-2026-03-06-at-19.35.53.mp4?_=1\" \/><a href=\"https:\/\/revistaesperanzas.com\/web\/wp-content\/uploads\/2026\/03\/WhatsApp-Video-2026-03-06-at-19.35.53.mp4\">https:\/\/revistaesperanzas.com\/web\/wp-content\/uploads\/2026\/03\/WhatsApp-Video-2026-03-06-at-19.35.53.mp4<\/a><\/video><\/div>\n","protected":false},"excerpt":{"rendered":"<p>Nota: Concejal Marcos Damian Gonzalez\u00a0 &#8211;\u00a0 Crece el conflicto tabacalero en Goya: Concejales advierten con acciones judiciales por pagos atrasados El viernes por la ma\u00f1ana, los concejales Marcos Gonz\u00e1lez y Bel\u00e9n Gogga recorrieron distintos establecimientos de la zona rural de Goya junto al exjefe de ANSES Goya, Lisandro Paleari para interiorizarse sobre la situaci\u00f3n que [&hellip;]<\/p>\n","protected":false},"author":4,"featured_media":146180,"comment_status":"closed","ping_status":"closed","sticky":false,"template":"","format":"standard","meta":{"footnotes":""},"categories":[45],"tags":[],"class_list":{"0":"post-146178","1":"post","2":"type-post","3":"status-publish","4":"format-standard","5":"has-post-thumbnail","7":"category-locales"},"_links":{"self":[{"href":"https:\/\/revistaesperanzas.com\/web\/wp-json\/wp\/v2\/posts\/146178","targetHints":{"allow":["GET"]}}],"collection":[{"href":"https:\/\/revistaesperanzas.com\/web\/wp-json\/wp\/v2\/posts"}],"about":[{"href":"https:\/\/revistaesperanzas.com\/web\/wp-json\/wp\/v2\/types\/post"}],"author":[{"embeddable":true,"href":"https:\/\/revistaesperanzas.com\/web\/wp-json\/wp\/v2\/users\/4"}],"replies":[{"embeddable":true,"href":"https:\/\/revistaesperanzas.com\/web\/wp-json\/wp\/v2\/comments?post=146178"}],"version-history":[{"count":3,"href":"https:\/\/revistaesperanzas.com\/web\/wp-json\/wp\/v2\/posts\/146178\/revisions"}],"predecessor-version":[{"id":146184,"href":"https:\/\/revistaesperanzas.com\/web\/wp-json\/wp\/v2\/posts\/146178\/revisions\/146184"}],"wp:featuredmedia":[{"embeddable":true,"href":"https:\/\/revistaesperanzas.com\/web\/wp-json\/wp\/v2\/media\/146180"}],"wp:attachment":[{"href":"https:\/\/revistaesperanzas.com\/web\/wp-json\/wp\/v2\/media?parent=146178"}],"wp:term":[{"taxonomy":"category","embeddable":true,"href":"https:\/\/revistaesperanzas.com\/web\/wp-json\/wp\/v2\/categories?post=146178"},{"taxonomy":"post_tag","embeddable":true,"href":"https:\/\/revistaesperanzas.com\/web\/wp-json\/wp\/v2\/tags?post=146178"}],"curies":[{"name":"wp","href":"https:\/\/api.w.org\/{rel}","templated":true}]}}