{"id":146186,"date":"2026-03-07T07:29:43","date_gmt":"2026-03-07T10:29:43","guid":{"rendered":"https:\/\/revistaesperanzas.com\/web\/?p=146186"},"modified":"2026-03-07T07:29:43","modified_gmt":"2026-03-07T10:29:43","slug":"vivian-merlo-analiza-el-discurso-del-intendente-hormaechea-y-las-prioridades-de-la-gestion-municipal","status":"publish","type":"post","link":"https:\/\/revistaesperanzas.com\/web\/2026\/03\/vivian-merlo-analiza-el-discurso-del-intendente-hormaechea-y-las-prioridades-de-la-gestion-municipal\/","title":{"rendered":"VIVIAN MERLO ANALIZA EL DISCURSO DEL INTENDENTE HORMAECHEA Y LAS PRIORIDADES DE LA GESTI\u00d3N MUNICIPAL"},"content":{"rendered":"<p style=\"font-weight: 400;\">La concejal Vivian Merlo, perteneciente a la Uni\u00f3n C\u00edvica Radical, evalu\u00f3 el discurso del intendente Mariano Hormaechea durante la apertura de sesiones ordinarias del Concejo Deliberante. En una entrevista, destac\u00f3 y elogi\u00f3 varios pasajes que reflejan las prioridades y desaf\u00edos de la gesti\u00f3n municipal.<\/p>\n<p style=\"font-weight: 400;\">DECISIONES Y CONSOLIDACI\u00d3N<\/p>\n<p style=\"font-weight: 400;\">\u201cEste a\u00f1o ser\u00e1 de decisiones y de consolidaci\u00f3n\u201d fue una de las afirmaciones pronunciadas por el intendente Mariano Hormaechea. Esa declaraci\u00f3n, para la edil, hace referencia a la necesidad de \u201cir viendo el panorama y atendiendo a la situaci\u00f3n econ\u00f3mica por la que pasamos\u201d. En ese sentido, record\u00f3 que \u201cvenimos de cuatro a\u00f1os donde la ciudad apost\u00f3 a la inclusi\u00f3n y al desarrollo con obras en diferentes barrios, as\u00ed como el aporte al parque acu\u00e1tico, en cuanto al turismo\u201d, mencion\u00f3 a modo de ejemplo.<a href=\"https:\/\/revistaesperanzas.com\/web\/2026\/03\/vivian-merlo-analiza-el-discurso-del-intendente-hormaechea-y-las-prioridades-de-la-gestion-municipal\/ilustracion-nota-vivian-merlo-evaluacion-discurso-mariano-2\/\" rel=\"attachment wp-att-146188\"><img loading=\"lazy\" decoding=\"async\" class=\"alignnone  wp-image-146188\" src=\"https:\/\/revistaesperanzas.com\/web\/wp-content\/uploads\/2026\/03\/ilustracion-nota-Vivian-Merlo-evaluacion-discurso-Mariano-2.jpg\" alt=\"\" width=\"696\" height=\"463\" \/><\/a><\/p>\n<p style=\"font-weight: 400;\">\u201cSer\u00e1 un a\u00f1o de decisiones, tendientes a priorizar y resolver las problem\u00e1ticas m\u00e1s importantes\u201d, agreg\u00f3 Merlo, y subray\u00f3 que esa estrategia va en l\u00ednea con una situaci\u00f3n que a nivel nacional y provincial \u201ccomplica a todos\u201d.<\/p>\n<p style=\"font-weight: 400;\">Se refiri\u00f3 entonces a la importancia de fortalecer el \u00e1rea de Desarrollo Humano, que cuenta con diversos programas sociales y de asistencia. \u201cSi seguimos apostando con m\u00e1s fuerza a esa \u00e1rea, que m\u00e1s contiene a la gente, podemos avanzar en temas como el pasaje para el paciente oncol\u00f3gico, un m\u00f3dulo o asistencia para una persona que necesita un remedio, la disponibilidad y servicios que brindan las salas primarias de salud\u2026\u201d, enumer\u00f3.<\/p>\n<p style=\"font-weight: 400;\">MUNICIPIO ORDENADO: PREVISIBILIDAD Y ESTABILIDAD<\/p>\n<p style=\"font-weight: 400;\">Merlo resalt\u00f3 otra de las afirmaciones de Hormaechea acerca de que \u201cel municipio est\u00e1 ordenado, sin deudas\u201d, \u201cy esto nos garantiza previsibilidad y estabilidad, pero hay que seguir analizando estas cuestiones\u201d, a\u00f1adi\u00f3.<\/p>\n<p style=\"font-weight: 400;\">En relaci\u00f3n a la situaci\u00f3n presupuestaria, la edil record\u00f3 que \u201cen diciembre, cuando estudiamos el presupuesto del Ejecutivo, hab\u00eda una baja de casi 300 millones, y ya era mucho para el municipio. Esto, en estos tiempos, ir\u00e1 increment\u00e1ndose\u201d.<\/p>\n<p style=\"font-weight: 400;\">Por otra parte, Merlo valor\u00f3 la frase del intendente Hormaechea por la que afirm\u00f3: \u201cEste gobierno tiene una impronta clara, conducci\u00f3n, equipo y respaldo popular\u201d. Sobre esto, se\u00f1al\u00f3: \u201cEso es muy importante, porque todo est\u00e1 conducido por el intendente Hormaechea, pero siempre trabajando en equipo. As\u00ed es como se pueden lograr muchas cosas\u201d.<\/p>\n<p style=\"font-weight: 400;\">PACTO GOYA 2030: HOJA DE RUTA<\/p>\n<p style=\"font-weight: 400;\">Finalmente, Vivian Merlo destac\u00f3 la hoja de ruta del municipio, que incluye el trabajo del Pacto Goya 2030, en el que participan m\u00e1s de 100 instituciones. \u201cEsa hoja de ruta es la base para afrontar cualquier problema que pueda surgir y que uno debe tener para estar cerca del vecino\u201d.<\/p>\n","protected":false},"excerpt":{"rendered":"<p>La concejal Vivian Merlo, perteneciente a la Uni\u00f3n C\u00edvica Radical, evalu\u00f3 el discurso del intendente Mariano Hormaechea durante la apertura de sesiones ordinarias del Concejo Deliberante. En una entrevista, destac\u00f3 y elogi\u00f3 varios pasajes que reflejan las prioridades y desaf\u00edos de la gesti\u00f3n municipal. DECISIONES Y CONSOLIDACI\u00d3N \u201cEste a\u00f1o ser\u00e1 de decisiones y de consolidaci\u00f3n\u201d [&hellip;]<\/p>\n","protected":false},"author":4,"featured_media":146187,"comment_status":"closed","ping_status":"closed","sticky":false,"template":"","format":"standard","meta":{"footnotes":""},"categories":[45],"tags":[],"class_list":{"0":"post-146186","1":"post","2":"type-post","3":"status-publish","4":"format-standard","5":"has-post-thumbnail","7":"category-locales"},"_links":{"self":[{"href":"https:\/\/revistaesperanzas.com\/web\/wp-json\/wp\/v2\/posts\/146186","targetHints":{"allow":["GET"]}}],"collection":[{"href":"https:\/\/revistaesperanzas.com\/web\/wp-json\/wp\/v2\/posts"}],"about":[{"href":"https:\/\/revistaesperanzas.com\/web\/wp-json\/wp\/v2\/types\/post"}],"author":[{"embeddable":true,"href":"https:\/\/revistaesperanzas.com\/web\/wp-json\/wp\/v2\/users\/4"}],"replies":[{"embeddable":true,"href":"https:\/\/revistaesperanzas.com\/web\/wp-json\/wp\/v2\/comments?post=146186"}],"version-history":[{"count":2,"href":"https:\/\/revistaesperanzas.com\/web\/wp-json\/wp\/v2\/posts\/146186\/revisions"}],"predecessor-version":[{"id":146190,"href":"https:\/\/revistaesperanzas.com\/web\/wp-json\/wp\/v2\/posts\/146186\/revisions\/146190"}],"wp:featuredmedia":[{"embeddable":true,"href":"https:\/\/revistaesperanzas.com\/web\/wp-json\/wp\/v2\/media\/146187"}],"wp:attachment":[{"href":"https:\/\/revistaesperanzas.com\/web\/wp-json\/wp\/v2\/media?parent=146186"}],"wp:term":[{"taxonomy":"category","embeddable":true,"href":"https:\/\/revistaesperanzas.com\/web\/wp-json\/wp\/v2\/categories?post=146186"},{"taxonomy":"post_tag","embeddable":true,"href":"https:\/\/revistaesperanzas.com\/web\/wp-json\/wp\/v2\/tags?post=146186"}],"curies":[{"name":"wp","href":"https:\/\/api.w.org\/{rel}","templated":true}]}}