{"id":146191,"date":"2026-03-07T07:34:20","date_gmt":"2026-03-07T10:34:20","guid":{"rendered":"https:\/\/revistaesperanzas.com\/web\/?p=146191"},"modified":"2026-03-07T07:34:20","modified_gmt":"2026-03-07T10:34:20","slug":"17o-triatlon-ciudad-de-goya","status":"publish","type":"post","link":"https:\/\/revistaesperanzas.com\/web\/2026\/03\/17o-triatlon-ciudad-de-goya\/","title":{"rendered":"17\u00ba TRIATL\u00d3N CIUDAD DE GOYA"},"content":{"rendered":"<p style=\"font-weight: 400;\"><a href=\"https:\/\/revistaesperanzas.com\/web\/2026\/03\/17o-triatlon-ciudad-de-goya\/tria-ciudad-de-goya-programa-flyr-1\/\" rel=\"attachment wp-att-146193\"><img loading=\"lazy\" decoding=\"async\" class=\" wp-image-146193 alignleft\" src=\"https:\/\/revistaesperanzas.com\/web\/wp-content\/uploads\/2026\/03\/tria-ciudad-de-goya-programa-Flyr-1.jpg\" alt=\"\" width=\"400\" height=\"297\" srcset=\"https:\/\/revistaesperanzas.com\/web\/wp-content\/uploads\/2026\/03\/tria-ciudad-de-goya-programa-Flyr-1.jpg 600w, https:\/\/revistaesperanzas.com\/web\/wp-content\/uploads\/2026\/03\/tria-ciudad-de-goya-programa-Flyr-1-566x420.jpg 566w, https:\/\/revistaesperanzas.com\/web\/wp-content\/uploads\/2026\/03\/tria-ciudad-de-goya-programa-Flyr-1-80x60.jpg 80w, https:\/\/revistaesperanzas.com\/web\/wp-content\/uploads\/2026\/03\/tria-ciudad-de-goya-programa-Flyr-1-485x360.jpg 485w, https:\/\/revistaesperanzas.com\/web\/wp-content\/uploads\/2026\/03\/tria-ciudad-de-goya-programa-Flyr-1-265x198.jpg 265w\" sizes=\"auto, (max-width: 400px) 100vw, 400px\" \/><\/a>Nataci\u00f3n, ciclismo y pedestrismo, son las disciplinas que, combinadas, conforman el triatl\u00f3n que acumular\u00e1 con esta, 17 realizaciones en la ciudad de Goya. La propuesta deportiva de este a\u00f1o tendr\u00e1 a la Costanera Norte como el gran escenario donde se convocar\u00e1n triatletas for\u00e1neos y\u00a0 locales; adem\u00e1s de los ni\u00f1os que participar\u00e1n en una prueba<a href=\"https:\/\/revistaesperanzas.com\/web\/2026\/03\/17o-triatlon-ciudad-de-goya\/tria-ciudad-de-goya-programa-flyr-2\/\" rel=\"attachment wp-att-146194\"><img loading=\"lazy\" decoding=\"async\" class=\" wp-image-146194 alignleft\" src=\"https:\/\/revistaesperanzas.com\/web\/wp-content\/uploads\/2026\/03\/tria-ciudad-de-goya-programa-Flyr-2.jpg\" alt=\"\" width=\"400\" height=\"299\" srcset=\"https:\/\/revistaesperanzas.com\/web\/wp-content\/uploads\/2026\/03\/tria-ciudad-de-goya-programa-Flyr-2.jpg 600w, https:\/\/revistaesperanzas.com\/web\/wp-content\/uploads\/2026\/03\/tria-ciudad-de-goya-programa-Flyr-2-561x420.jpg 561w, https:\/\/revistaesperanzas.com\/web\/wp-content\/uploads\/2026\/03\/tria-ciudad-de-goya-programa-Flyr-2-80x60.jpg 80w, https:\/\/revistaesperanzas.com\/web\/wp-content\/uploads\/2026\/03\/tria-ciudad-de-goya-programa-Flyr-2-265x198.jpg 265w\" sizes=\"auto, (max-width: 400px) 100vw, 400px\" \/><\/a> adaptada, programada para el s\u00e1bado desde las 16 horas.<\/p>\n<p style=\"font-weight: 400;\">El s\u00e1bado, desde las 18 horas se acreditar\u00e1 y entregar\u00e1 los kits a los deportistas que participar\u00e1n de este desaf\u00edo, el domingo desde las 8 horas, en Playa El Inga. Las modalidades son: Sprint, Por Equipo y S\u00faper Sprint.<a href=\"https:\/\/revistaesperanzas.com\/web\/2026\/03\/17o-triatlon-ciudad-de-goya\/tria-ciudad-de-goya-programa-flyr-3\/\" rel=\"attachment wp-att-146195\"><img loading=\"lazy\" decoding=\"async\" class=\"wp-image-146195 alignleft\" src=\"https:\/\/revistaesperanzas.com\/web\/wp-content\/uploads\/2026\/03\/tria-ciudad-de-goya-programa-Flyr-3.jpg\" alt=\"\" width=\"400\" height=\"310\" srcset=\"https:\/\/revistaesperanzas.com\/web\/wp-content\/uploads\/2026\/03\/tria-ciudad-de-goya-programa-Flyr-3.jpg 600w, https:\/\/revistaesperanzas.com\/web\/wp-content\/uploads\/2026\/03\/tria-ciudad-de-goya-programa-Flyr-3-542x420.jpg 542w\" sizes=\"auto, (max-width: 400px) 100vw, 400px\" \/><\/a><\/p>\n<p style=\"font-weight: 400;\">Se recuerda que, en caso de no permitirse la nataci\u00f3n, la prueba se convertir\u00e1 en Duatl\u00f3n (Ciclismo y Pedestrismo).<\/p>\n","protected":false},"excerpt":{"rendered":"<p>Nataci\u00f3n, ciclismo y pedestrismo, son las disciplinas que, combinadas, conforman el triatl\u00f3n que acumular\u00e1 con esta, 17 realizaciones en la ciudad de Goya. La propuesta deportiva de este a\u00f1o tendr\u00e1 a la Costanera Norte como el gran escenario donde se convocar\u00e1n triatletas for\u00e1neos y\u00a0 locales; adem\u00e1s de los ni\u00f1os que participar\u00e1n en una prueba adaptada, [&hellip;]<\/p>\n","protected":false},"author":4,"featured_media":146192,"comment_status":"closed","ping_status":"closed","sticky":false,"template":"","format":"standard","meta":{"footnotes":""},"categories":[45],"tags":[],"class_list":{"0":"post-146191","1":"post","2":"type-post","3":"status-publish","4":"format-standard","5":"has-post-thumbnail","7":"category-locales"},"_links":{"self":[{"href":"https:\/\/revistaesperanzas.com\/web\/wp-json\/wp\/v2\/posts\/146191","targetHints":{"allow":["GET"]}}],"collection":[{"href":"https:\/\/revistaesperanzas.com\/web\/wp-json\/wp\/v2\/posts"}],"about":[{"href":"https:\/\/revistaesperanzas.com\/web\/wp-json\/wp\/v2\/types\/post"}],"author":[{"embeddable":true,"href":"https:\/\/revistaesperanzas.com\/web\/wp-json\/wp\/v2\/users\/4"}],"replies":[{"embeddable":true,"href":"https:\/\/revistaesperanzas.com\/web\/wp-json\/wp\/v2\/comments?post=146191"}],"version-history":[{"count":2,"href":"https:\/\/revistaesperanzas.com\/web\/wp-json\/wp\/v2\/posts\/146191\/revisions"}],"predecessor-version":[{"id":146197,"href":"https:\/\/revistaesperanzas.com\/web\/wp-json\/wp\/v2\/posts\/146191\/revisions\/146197"}],"wp:featuredmedia":[{"embeddable":true,"href":"https:\/\/revistaesperanzas.com\/web\/wp-json\/wp\/v2\/media\/146192"}],"wp:attachment":[{"href":"https:\/\/revistaesperanzas.com\/web\/wp-json\/wp\/v2\/media?parent=146191"}],"wp:term":[{"taxonomy":"category","embeddable":true,"href":"https:\/\/revistaesperanzas.com\/web\/wp-json\/wp\/v2\/categories?post=146191"},{"taxonomy":"post_tag","embeddable":true,"href":"https:\/\/revistaesperanzas.com\/web\/wp-json\/wp\/v2\/tags?post=146191"}],"curies":[{"name":"wp","href":"https:\/\/api.w.org\/{rel}","templated":true}]}}