{"id":146198,"date":"2026-03-07T07:36:59","date_gmt":"2026-03-07T10:36:59","guid":{"rendered":"https:\/\/revistaesperanzas.com\/web\/?p=146198"},"modified":"2026-03-07T07:36:59","modified_gmt":"2026-03-07T10:36:59","slug":"agenda-fin-de-semana","status":"publish","type":"post","link":"https:\/\/revistaesperanzas.com\/web\/2026\/03\/agenda-fin-de-semana\/","title":{"rendered":"AGENDA FIN DE SEMANA"},"content":{"rendered":"<p style=\"font-weight: 400;\"><a href=\"https:\/\/revistaesperanzas.com\/web\/2026\/03\/agenda-fin-de-semana\/mujeres-emprendedoras-club-huracan-flyr\/\" rel=\"attachment wp-att-146200\"><img loading=\"lazy\" decoding=\"async\" class=\" wp-image-146200 alignright\" src=\"https:\/\/revistaesperanzas.com\/web\/wp-content\/uploads\/2026\/03\/mujeres-emprendedoras-club-huracan-flyr.jpg\" alt=\"\" width=\"390\" height=\"550\" srcset=\"https:\/\/revistaesperanzas.com\/web\/wp-content\/uploads\/2026\/03\/mujeres-emprendedoras-club-huracan-flyr.jpg 1135w, https:\/\/revistaesperanzas.com\/web\/wp-content\/uploads\/2026\/03\/mujeres-emprendedoras-club-huracan-flyr-298x420.jpg 298w, https:\/\/revistaesperanzas.com\/web\/wp-content\/uploads\/2026\/03\/mujeres-emprendedoras-club-huracan-flyr-696x981.jpg 696w, https:\/\/revistaesperanzas.com\/web\/wp-content\/uploads\/2026\/03\/mujeres-emprendedoras-club-huracan-flyr-1068x1506.jpg 1068w\" sizes=\"auto, (max-width: 390px) 100vw, 390px\" \/><\/a>S\u00c1BADO<\/p>\n<p style=\"font-weight: 400;\">Tria Ni\u00f1os: evento deportivo. S\u00e1bado a las 16 horas en playa el Inga.<\/p>\n<p style=\"font-weight: 400;\">Reconocimiento a Susana Manzanares y Show de la Trova Cultural. S\u00e1bado a las 20,30 horas en la Casa de la Cultura.<\/p>\n<p style=\"font-weight: 400;\">DOMINGO<\/p>\n<p style=\"font-weight: 400;\">Triatl\u00f3n Ciudad de Goya. Domingo 8 horas con epicentro en playa el Inga. Disciplinas: Sprint, por Equipo y S\u00faper Sprint.<\/p>\n<p style=\"font-weight: 400;\">Reconocimientos a Mujeres Emprendedoras. Domingo a las 17 horas en Club Hurac\u00e1n.<\/p>\n","protected":false},"excerpt":{"rendered":"<p>S\u00c1BADO Tria Ni\u00f1os: evento deportivo. S\u00e1bado a las 16 horas en playa el Inga. Reconocimiento a Susana Manzanares y Show de la Trova Cultural. S\u00e1bado a las 20,30 horas en la Casa de la Cultura. DOMINGO Triatl\u00f3n Ciudad de Goya. Domingo 8 horas con epicentro en playa el Inga. Disciplinas: Sprint, por Equipo y S\u00faper [&hellip;]<\/p>\n","protected":false},"author":4,"featured_media":146199,"comment_status":"closed","ping_status":"closed","sticky":false,"template":"","format":"standard","meta":{"footnotes":""},"categories":[45],"tags":[],"class_list":{"0":"post-146198","1":"post","2":"type-post","3":"status-publish","4":"format-standard","5":"has-post-thumbnail","7":"category-locales"},"_links":{"self":[{"href":"https:\/\/revistaesperanzas.com\/web\/wp-json\/wp\/v2\/posts\/146198","targetHints":{"allow":["GET"]}}],"collection":[{"href":"https:\/\/revistaesperanzas.com\/web\/wp-json\/wp\/v2\/posts"}],"about":[{"href":"https:\/\/revistaesperanzas.com\/web\/wp-json\/wp\/v2\/types\/post"}],"author":[{"embeddable":true,"href":"https:\/\/revistaesperanzas.com\/web\/wp-json\/wp\/v2\/users\/4"}],"replies":[{"embeddable":true,"href":"https:\/\/revistaesperanzas.com\/web\/wp-json\/wp\/v2\/comments?post=146198"}],"version-history":[{"count":2,"href":"https:\/\/revistaesperanzas.com\/web\/wp-json\/wp\/v2\/posts\/146198\/revisions"}],"predecessor-version":[{"id":146202,"href":"https:\/\/revistaesperanzas.com\/web\/wp-json\/wp\/v2\/posts\/146198\/revisions\/146202"}],"wp:featuredmedia":[{"embeddable":true,"href":"https:\/\/revistaesperanzas.com\/web\/wp-json\/wp\/v2\/media\/146199"}],"wp:attachment":[{"href":"https:\/\/revistaesperanzas.com\/web\/wp-json\/wp\/v2\/media?parent=146198"}],"wp:term":[{"taxonomy":"category","embeddable":true,"href":"https:\/\/revistaesperanzas.com\/web\/wp-json\/wp\/v2\/categories?post=146198"},{"taxonomy":"post_tag","embeddable":true,"href":"https:\/\/revistaesperanzas.com\/web\/wp-json\/wp\/v2\/tags?post=146198"}],"curies":[{"name":"wp","href":"https:\/\/api.w.org\/{rel}","templated":true}]}}