{"id":146206,"date":"2026-03-07T08:10:53","date_gmt":"2026-03-07T11:10:53","guid":{"rendered":"https:\/\/revistaesperanzas.com\/web\/?p=146206"},"modified":"2026-03-07T08:11:17","modified_gmt":"2026-03-07T11:11:17","slug":"inscripciones-presenciales-abiertas","status":"publish","type":"post","link":"https:\/\/revistaesperanzas.com\/web\/2026\/03\/inscripciones-presenciales-abiertas\/","title":{"rendered":"INSCRIPCIONES PRESENCIALES ABIERTAS!"},"content":{"rendered":"<header class=\"entry-header \">\n<p class=\"entry-title\"><span style=\"color: #222222; font-family: Verdana, BlinkMacSystemFont, -apple-system, 'Segoe UI', Roboto, Oxygen, Ubuntu, Cantarell, 'Open Sans', 'Helvetica Neue', sans-serif; font-size: 15px;\">INSCRIPCIONES PRESENCIALES ABIERTAS! El ISFD Dr. Daniel Lesteime informa a toda la comunidad que hasta el 11 de marzo se encuentra abierta la inscripci\u00f3n presencial para ingresar a nuestras carreras.<\/span><\/p>\n<p class=\"entry-title\"><span id=\"more-28407\" style=\"color: #222222; font-family: Verdana, BlinkMacSystemFont, -apple-system, 'Segoe UI', Roboto, Oxygen, Ubuntu, Cantarell, 'Open Sans', 'Helvetica Neue', sans-serif; font-size: 15px;\"><\/span><span style=\"color: #222222; font-family: Verdana, BlinkMacSystemFont, -apple-system, 'Segoe UI', Roboto, Oxygen, Ubuntu, Cantarell, 'Open Sans', 'Helvetica Neue', sans-serif; font-size: 15px;\">Las personas interesadas pueden acercarse al Instituto, sito en \u00d1aemb\u00e9 y Polic\u00eda Federal, para realizar el tr\u00e1mite y recibir asesoramiento sobre las propuestas formativas disponibles.<a href=\"https:\/\/revistaesperanzas.com\/web\/2026\/03\/inscripciones-presenciales-abiertas\/inscripciones\/\" rel=\"attachment wp-att-146207\"><img loading=\"lazy\" decoding=\"async\" class=\" wp-image-146207 alignleft\" src=\"https:\/\/revistaesperanzas.com\/web\/wp-content\/uploads\/2026\/03\/INSCRIPCIONES.png\" alt=\"\" width=\"695\" height=\"475\" srcset=\"https:\/\/revistaesperanzas.com\/web\/wp-content\/uploads\/2026\/03\/INSCRIPCIONES.png 600w, https:\/\/revistaesperanzas.com\/web\/wp-content\/uploads\/2026\/03\/INSCRIPCIONES-218x150.png 218w\" sizes=\"auto, (max-width: 695px) 100vw, 695px\" \/><\/a><\/span><\/p>\n<\/header>\n<div class=\"entry-content clear\">\n<p>A continuaci\u00f3n, se detallan las carreras y si cuentan con cupo disponible:<\/p>\n<p>Tecnicatura Superior en Ciencia de Datos e Inteligencia Artificial. HAY CUPO<br \/>\nTecnicatura Superior en Turismo. HAY CUPO<br \/>\nTecnicatura Superior en Desarrollo de Software. HAY CUPO<br \/>\nTecnicatura Superior en Trabajo Social. HAY CUPO<br \/>\nTecnicatura Superior en Log\u00edstica. HAY CUPO<br \/>\nTecnicatura Superior en Gesti\u00f3n de la Producci\u00f3n Agropecuaria. HAY CUPO<br \/>\nProfesorado en Educaci\u00f3n Inicial. SIN CUPO<br \/>\nProfesorado en Educaci\u00f3n Primaria. SIN CUPO<br \/>\nProfesorado de Educaci\u00f3n Secundaria en Matem\u00e1tica. HAY CUPO<br \/>\nProfesorado de M\u00fasica. HAY CUPO<br \/>\nProfesorado de Artes Visuales. HAY CUPO<br \/>\nProfesorado de Educaci\u00f3n Especial con Orientaci\u00f3n a Discapacidad Intelectual. SIN CUPO<br \/>\nProfesorado de Educaci\u00f3n Secundaria en Agronom\u00eda. HAY CUPO<br \/>\nProfesorado de Educaci\u00f3n Secundaria en Qu\u00edmica. HAY CUPO<br \/>\nProfesorado de Ingl\u00e9s. HAY CUPO<br \/>\nProfesorado en Educaci\u00f3n Tecnol\u00f3gica. HAY CUPO<br \/>\nLos cupos son limitados, por lo que se recomienda realizar la inscripci\u00f3n a la brevedad.<br \/>\nPara m\u00e1s informaci\u00f3n, acercarse al Instituto (Biblioteca) en los siguientes horarios: 8 a 12 hs y de 14 a 22 hs<\/p>\n<p>\u00a1Te esperamos!<\/p>\n<\/div>\n","protected":false},"excerpt":{"rendered":"<p>INSCRIPCIONES PRESENCIALES ABIERTAS! El ISFD Dr. Daniel Lesteime informa a toda la comunidad que hasta el 11 de marzo se encuentra abierta la inscripci\u00f3n presencial para ingresar a nuestras carreras. Las personas interesadas pueden acercarse al Instituto, sito en \u00d1aemb\u00e9 y Polic\u00eda Federal, para realizar el tr\u00e1mite y recibir asesoramiento sobre las propuestas formativas disponibles. [&hellip;]<\/p>\n","protected":false},"author":4,"featured_media":146209,"comment_status":"closed","ping_status":"closed","sticky":false,"template":"","format":"standard","meta":{"footnotes":""},"categories":[45],"tags":[],"class_list":{"0":"post-146206","1":"post","2":"type-post","3":"status-publish","4":"format-standard","5":"has-post-thumbnail","7":"category-locales"},"_links":{"self":[{"href":"https:\/\/revistaesperanzas.com\/web\/wp-json\/wp\/v2\/posts\/146206","targetHints":{"allow":["GET"]}}],"collection":[{"href":"https:\/\/revistaesperanzas.com\/web\/wp-json\/wp\/v2\/posts"}],"about":[{"href":"https:\/\/revistaesperanzas.com\/web\/wp-json\/wp\/v2\/types\/post"}],"author":[{"embeddable":true,"href":"https:\/\/revistaesperanzas.com\/web\/wp-json\/wp\/v2\/users\/4"}],"replies":[{"embeddable":true,"href":"https:\/\/revistaesperanzas.com\/web\/wp-json\/wp\/v2\/comments?post=146206"}],"version-history":[{"count":3,"href":"https:\/\/revistaesperanzas.com\/web\/wp-json\/wp\/v2\/posts\/146206\/revisions"}],"predecessor-version":[{"id":146212,"href":"https:\/\/revistaesperanzas.com\/web\/wp-json\/wp\/v2\/posts\/146206\/revisions\/146212"}],"wp:featuredmedia":[{"embeddable":true,"href":"https:\/\/revistaesperanzas.com\/web\/wp-json\/wp\/v2\/media\/146209"}],"wp:attachment":[{"href":"https:\/\/revistaesperanzas.com\/web\/wp-json\/wp\/v2\/media?parent=146206"}],"wp:term":[{"taxonomy":"category","embeddable":true,"href":"https:\/\/revistaesperanzas.com\/web\/wp-json\/wp\/v2\/categories?post=146206"},{"taxonomy":"post_tag","embeddable":true,"href":"https:\/\/revistaesperanzas.com\/web\/wp-json\/wp\/v2\/tags?post=146206"}],"curies":[{"name":"wp","href":"https:\/\/api.w.org\/{rel}","templated":true}]}}