{"id":146236,"date":"2026-03-08T10:52:12","date_gmt":"2026-03-08T13:52:12","guid":{"rendered":"https:\/\/revistaesperanzas.com\/web\/?p=146236"},"modified":"2026-03-08T10:52:12","modified_gmt":"2026-03-08T13:52:12","slug":"triatlon-ciudad-de-goya","status":"publish","type":"post","link":"https:\/\/revistaesperanzas.com\/web\/2026\/03\/triatlon-ciudad-de-goya\/","title":{"rendered":"TRIATL\u00d3N CIUDAD DE GOYA"},"content":{"rendered":"<p style=\"font-weight: 400;\">Con la participaci\u00f3n de 32 menores se realiz\u00f3 en la tarde del s\u00e1bado la primera jornada<a href=\"https:\/\/revistaesperanzas.com\/web\/2026\/03\/triatlon-ciudad-de-goya\/triatlon-ninos-2026-6\/\" rel=\"attachment wp-att-146238\"><img loading=\"lazy\" decoding=\"async\" class=\" wp-image-146238 alignleft\" src=\"https:\/\/revistaesperanzas.com\/web\/wp-content\/uploads\/2026\/03\/triatlon-ninos-2026-6.jpg\" alt=\"\" width=\"400\" height=\"266\" \/><\/a> deportiva, en el marco de la 17\u00aa Edici\u00f3n del Triatl\u00f3n Ciudad de Goya<\/p>\n<p style=\"font-weight: 400;\">La Costanera Norte, Playa El Inga desde las 16 horas convoc\u00f3 a los peque\u00f1os \u201ctriatletas\u201d que pusieron todo su entusiasmo y ganas, a la prueba combinada de nataci\u00f3n, ciclismo y pedestrismo del Tria Ni\u00f1os.<a href=\"https:\/\/revistaesperanzas.com\/web\/2026\/03\/triatlon-ciudad-de-goya\/triatlon-ninos-2026-5\/\" rel=\"attachment wp-att-146239\"><img loading=\"lazy\" decoding=\"async\" class=\" wp-image-146239 alignleft\" src=\"https:\/\/revistaesperanzas.com\/web\/wp-content\/uploads\/2026\/03\/triatlon-ninos-2026-5.jpg\" alt=\"\" width=\"400\" height=\"266\" \/><\/a><\/p>\n<p style=\"font-weight: 400;\">Con la organizaci\u00f3n de la Municipalidad de Goya, desde la Direcci\u00f3n de Deportes, se llev\u00f3 adelante la competencia, adaptada las distancias de acuerdo a las edades de los participantes.<\/p>\n<p style=\"font-weight: 400;\">La organizaci\u00f3n cont\u00f3 con el apoyo y log\u00edstica de todo el equipo municipal, la decisi\u00f3n del propio<a href=\"https:\/\/revistaesperanzas.com\/web\/2026\/03\/triatlon-ciudad-de-goya\/triatlon-ninos-2026-7\/\" rel=\"attachment wp-att-146241\"><img loading=\"lazy\" decoding=\"async\" class=\" wp-image-146241 alignleft\" src=\"https:\/\/revistaesperanzas.com\/web\/wp-content\/uploads\/2026\/03\/triatlon-ninos-2026-7.jpg\" alt=\"\" width=\"400\" height=\"266\" \/><\/a> Intendente Mariano Hormaechea de fomentar la pr\u00e1ctica deportiva en los ni\u00f1os, la Secretaria de Turismo, la Subsecretar\u00eda de Salud, APS, junto al Equipo de Emergencia Municipal, la ambulancia, las Direcciones de Deportes, Juventud, Prensa, Servicios Generales, Luminotecnia; Las escuelas de Atletismo, de Aguas Abiertas, el equipo de Guardavidas, la<a href=\"https:\/\/revistaesperanzas.com\/web\/2026\/03\/triatlon-ciudad-de-goya\/triatlon-ninos-2026-3\/\" rel=\"attachment wp-att-146242\"><img loading=\"lazy\" decoding=\"async\" class=\" wp-image-146242 alignleft\" src=\"https:\/\/revistaesperanzas.com\/web\/wp-content\/uploads\/2026\/03\/triatlon-ninos-2026-3.jpg\" alt=\"\" width=\"400\" height=\"266\" \/><\/a> Prefectura Goya, con una gran predisposici\u00f3n en la tarea de colaboraci\u00f3n de los equipos de runner de la ciudad.<\/p>\n<p style=\"font-weight: 400;\">El \u201cTria\u201d de ni\u00f1os se disput\u00f3 en las siguientes categor\u00edas de 5 a 7 a\u00f1os; de 8 a 10 y de 11 a 13 a\u00f1os.<\/p>\n<p style=\"font-weight: 400;\">Las distancias establecidas para las<a href=\"https:\/\/revistaesperanzas.com\/web\/2026\/03\/triatlon-ciudad-de-goya\/triatlon-ninos-2026-8\/\" rel=\"attachment wp-att-146243\"><img loading=\"lazy\" decoding=\"async\" class=\" wp-image-146243 alignleft\" src=\"https:\/\/revistaesperanzas.com\/web\/wp-content\/uploads\/2026\/03\/triatlon-ninos-2026-8.jpg\" alt=\"\" width=\"400\" height=\"266\" \/><\/a> mencionadas categor\u00edas han sido las siguientes:<\/p>\n<p style=\"font-weight: 400;\">5-7 a\u00f1os, Nataci\u00f3n 25 metros; Ciclismo 500 metros y Pedestrismo 300 metros.<\/p>\n<p style=\"font-weight: 400;\">8-10 a\u00f1os: Nataci\u00f3n 100 metros; Ciclismo 1500 metros y Pedestrismo 750 metros.<a href=\"https:\/\/revistaesperanzas.com\/web\/2026\/03\/triatlon-ciudad-de-goya\/triatlon-ninos-2026-9\/\" rel=\"attachment wp-att-146244\"><img loading=\"lazy\" decoding=\"async\" class=\" wp-image-146244 alignleft\" src=\"https:\/\/revistaesperanzas.com\/web\/wp-content\/uploads\/2026\/03\/triatlon-ninos-2026-9.jpg\" alt=\"\" width=\"402\" height=\"267\" \/><\/a><\/p>\n<p style=\"font-weight: 400;\">11-13 a\u00f1os: Nataci\u00f3n 200 metros; Ciclismo 3K y Pedestrismo 1K.<\/p>\n<p style=\"font-weight: 400;\">Una tarde de s\u00e1bado preparada para el disfrute, el colorido de las indumentarias de los peque\u00f1os deportistas, el acompa\u00f1amiento de padres, instructores, profesores y el p\u00fablico que alent\u00f3 la participaci\u00f3n de los ni\u00f1os en las diferentes pruebas deportivas.<a href=\"https:\/\/revistaesperanzas.com\/web\/2026\/03\/triatlon-ciudad-de-goya\/triatlon-ninos-2026-2\/\" rel=\"attachment wp-att-146245\"><img loading=\"lazy\" decoding=\"async\" class=\" wp-image-146245 alignright\" src=\"https:\/\/revistaesperanzas.com\/web\/wp-content\/uploads\/2026\/03\/triatlon-ninos-2026-2.jpg\" alt=\"\" width=\"400\" height=\"266\" \/><\/a><\/p>\n<p style=\"font-weight: 400;\">ALEJANDRO LAGO<\/p>\n<p style=\"font-weight: 400;\">El Director de Deportes una vez concluida la jornada deportiva, destinada a los ni\u00f1os, destac\u00f3 la \u201cparticipaci\u00f3n de los \u201cpeque\u00f1os# triatletas, agradezco el trabajo de los profesores, el acompa\u00f1amiento de los padres, la decisi\u00f3n de fomentar la actividad por parte del<a href=\"https:\/\/revistaesperanzas.com\/web\/2026\/03\/triatlon-ciudad-de-goya\/triatlon-ninos-2026-4\/\" rel=\"attachment wp-att-146246\"><img loading=\"lazy\" decoding=\"async\" class=\" wp-image-146246 alignright\" src=\"https:\/\/revistaesperanzas.com\/web\/wp-content\/uploads\/2026\/03\/triatlon-ninos-2026-4.jpg\" alt=\"\" width=\"400\" height=\"266\" \/><\/a> Intendente Mariano Hormaechea, es una gran posibilidad para incentivar a nuestros ni\u00f1os a la pr\u00e1ctica deportiva, estamos marcando un\u00a0 camino, en\u00a0 la generaci\u00f3n del semilleros de esta disciplina, un espacio como el Inga para disfrutar, para conocer, seguramente as\u00ed lo viviremos el domingo en nuestra 17\u00aa edici\u00f3n del Triatl\u00f3n con la presencia de<a href=\"https:\/\/revistaesperanzas.com\/web\/2026\/03\/triatlon-ciudad-de-goya\/triatlon-ninos-2026-12\/\" rel=\"attachment wp-att-146247\"><img loading=\"lazy\" decoding=\"async\" class=\" wp-image-146247 alignright\" src=\"https:\/\/revistaesperanzas.com\/web\/wp-content\/uploads\/2026\/03\/triatlon-ninos-2026-12.jpg\" alt=\"\" width=\"400\" height=\"266\" \/><\/a> corredores de otras ciudades, que ayudan a impulsar el turismo de la ciudad.\u201d<\/p>\n<p style=\"font-weight: 400;\">\u201cNuevamente gracias, a todos por el apoyo y nos entramos el domingo desde las 7 horas, en este escenario de nuestra Costanera Norte, Playa El Inga\u201d.<\/p>\n<p style=\"font-weight: 400;\">Todos los participantes recibieron<a href=\"https:\/\/revistaesperanzas.com\/web\/2026\/03\/triatlon-ciudad-de-goya\/triatlon-ninos-2026-10\/\" rel=\"attachment wp-att-146249\"><img loading=\"lazy\" decoding=\"async\" class=\" wp-image-146249 alignright\" src=\"https:\/\/revistaesperanzas.com\/web\/wp-content\/uploads\/2026\/03\/triatlon-ninos-2026-10.jpg\" alt=\"\" width=\"400\" height=\"266\" \/><\/a> su medalla finisher, para la entrega de las medallas y la premiaci\u00f3n particip\u00f3 el Director de Juventud Gast\u00f3n Espinosa, junto al equipo de la organizaci\u00f3n.<\/p>\n<p style=\"font-weight: 400;\">CLASIFICACI\u00d3N GENERAL<\/p>\n<p style=\"font-weight: 400;\">5-7 A\u00d1OS<\/p>\n<p style=\"font-weight: 400;\">FEMENINO:<a href=\"https:\/\/revistaesperanzas.com\/web\/2026\/03\/triatlon-ciudad-de-goya\/triatlon-ninos-2026-1\/\" rel=\"attachment wp-att-146252\"><img loading=\"lazy\" decoding=\"async\" class=\" wp-image-146252 alignright\" src=\"https:\/\/revistaesperanzas.com\/web\/wp-content\/uploads\/2026\/03\/triatlon-ninos-2026-1.jpg\" alt=\"\" width=\"400\" height=\"266\" \/><\/a><\/p>\n<p style=\"font-weight: 400;\">1\u00ba Luc\u00eda Bel\u00e9n Chas<\/p>\n<p style=\"font-weight: 400;\">2\u00ba Nerea Romero<\/p>\n<p style=\"font-weight: 400;\">3\u00ba Sof\u00eda V\u00e1squez<\/p>\n<p style=\"font-weight: 400;\">MASCULINO<\/p>\n<p style=\"font-weight: 400;\">1\u00ba Briant Aquino<a href=\"https:\/\/revistaesperanzas.com\/web\/2026\/03\/triatlon-ciudad-de-goya\/triatlon-ninos-2026-14-2\/\" rel=\"attachment wp-att-146253\"><img loading=\"lazy\" decoding=\"async\" class=\" wp-image-146253 alignright\" src=\"https:\/\/revistaesperanzas.com\/web\/wp-content\/uploads\/2026\/03\/triatlon-ninos-2026-14-1.jpg\" alt=\"\" width=\"400\" height=\"266\" \/><\/a><\/p>\n<p style=\"font-weight: 400;\">2\u00ba Juanita Aguirre (Se hizo esta menci\u00f3n especial porque la menor corri\u00f3 a la par de los ni\u00f1os y era la otra nena que form\u00f3 parte de la prueba)<\/p>\n<p style=\"font-weight: 400;\">8-10 A\u00d1OS<\/p>\n<p style=\"font-weight: 400;\">FEMENINO:<\/p>\n<p style=\"font-weight: 400;\">1\u00ba L\u00eda Mart\u00ednez<\/p>\n<p style=\"font-weight: 400;\">2\u00ba Selene Novello<\/p>\n<p style=\"font-weight: 400;\">MACULINO:<\/p>\n<p style=\"font-weight: 400;\">1\u00ba Gabino Gomez Romero<\/p>\n<p style=\"font-weight: 400;\">2\u00ba Jos\u00e9 P\u00e9rez<\/p>\n<p style=\"font-weight: 400;\">3\u00ba Juan Ignacio Romero<\/p>\n<p style=\"font-weight: 400;\">11-13 A\u00d1OS<\/p>\n<p style=\"font-weight: 400;\">FEMENINO:<\/p>\n<p style=\"font-weight: 400;\">1\u00ba Mar\u00eda Emilia Bejarano<\/p>\n<p style=\"font-weight: 400;\">2\u00ba Camila Chas<\/p>\n<p style=\"font-weight: 400;\">3\u00ba Avril R\u00edos Escobar<\/p>\n<p style=\"font-weight: 400;\">MACULINO:<\/p>\n<p style=\"font-weight: 400;\">1\u00ba Joel Fiad Sosa<\/p>\n<p style=\"font-weight: 400;\">2\u00ba Santino Enr\u00edquez<\/p>\n<p style=\"font-weight: 400;\">\u00a03\u00ba Ian Pezzelato<\/p>\n<p style=\"font-weight: 400;\">Recordemos que la programaci\u00f3n continuar\u00e1 el domingo desde las 8 horas, en Playa El Inga.<\/p>\n","protected":false},"excerpt":{"rendered":"<p>Con la participaci\u00f3n de 32 menores se realiz\u00f3 en la tarde del s\u00e1bado la primera jornada deportiva, en el marco de la 17\u00aa Edici\u00f3n del Triatl\u00f3n Ciudad de Goya La Costanera Norte, Playa El Inga desde las 16 horas convoc\u00f3 a los peque\u00f1os \u201ctriatletas\u201d que pusieron todo su entusiasmo y ganas, a la prueba combinada [&hellip;]<\/p>\n","protected":false},"author":4,"featured_media":146237,"comment_status":"closed","ping_status":"closed","sticky":false,"template":"","format":"standard","meta":{"footnotes":""},"categories":[45],"tags":[],"class_list":{"0":"post-146236","1":"post","2":"type-post","3":"status-publish","4":"format-standard","5":"has-post-thumbnail","7":"category-locales"},"_links":{"self":[{"href":"https:\/\/revistaesperanzas.com\/web\/wp-json\/wp\/v2\/posts\/146236","targetHints":{"allow":["GET"]}}],"collection":[{"href":"https:\/\/revistaesperanzas.com\/web\/wp-json\/wp\/v2\/posts"}],"about":[{"href":"https:\/\/revistaesperanzas.com\/web\/wp-json\/wp\/v2\/types\/post"}],"author":[{"embeddable":true,"href":"https:\/\/revistaesperanzas.com\/web\/wp-json\/wp\/v2\/users\/4"}],"replies":[{"embeddable":true,"href":"https:\/\/revistaesperanzas.com\/web\/wp-json\/wp\/v2\/comments?post=146236"}],"version-history":[{"count":2,"href":"https:\/\/revistaesperanzas.com\/web\/wp-json\/wp\/v2\/posts\/146236\/revisions"}],"predecessor-version":[{"id":146255,"href":"https:\/\/revistaesperanzas.com\/web\/wp-json\/wp\/v2\/posts\/146236\/revisions\/146255"}],"wp:featuredmedia":[{"embeddable":true,"href":"https:\/\/revistaesperanzas.com\/web\/wp-json\/wp\/v2\/media\/146237"}],"wp:attachment":[{"href":"https:\/\/revistaesperanzas.com\/web\/wp-json\/wp\/v2\/media?parent=146236"}],"wp:term":[{"taxonomy":"category","embeddable":true,"href":"https:\/\/revistaesperanzas.com\/web\/wp-json\/wp\/v2\/categories?post=146236"},{"taxonomy":"post_tag","embeddable":true,"href":"https:\/\/revistaesperanzas.com\/web\/wp-json\/wp\/v2\/tags?post=146236"}],"curies":[{"name":"wp","href":"https:\/\/api.w.org\/{rel}","templated":true}]}}