{"id":146256,"date":"2026-03-08T11:00:09","date_gmt":"2026-03-08T14:00:09","guid":{"rendered":"https:\/\/revistaesperanzas.com\/web\/?p=146256"},"modified":"2026-03-08T11:00:09","modified_gmt":"2026-03-08T14:00:09","slug":"triatlon-ciudad-de-goya-aviso-a-vecinos-y-circulacion","status":"publish","type":"post","link":"https:\/\/revistaesperanzas.com\/web\/2026\/03\/triatlon-ciudad-de-goya-aviso-a-vecinos-y-circulacion\/","title":{"rendered":"TRIATL\u00d3N CIUDAD DE GOYA  AVISO A VECINOS Y CIRCULACI\u00d3N"},"content":{"rendered":"<p style=\"font-weight: 400;\">Con motivo de la realizaci\u00f3n del Triatl\u00f3n Ciudad de Goya, se informa que habr\u00e1 cortes de calles y restricciones de circulaci\u00f3n en los horarios:<\/p>\n<p style=\"font-weight: 400;\">Domingo 8<\/p>\n<p style=\"font-weight: 400;\">De 7:30 a 10:00 hs<\/p>\n<p style=\"font-weight: 400;\">Calles y avenidas afectadas:<\/p>\n<p style=\"font-weight: 400;\">* Av. Alem<\/p>\n<p style=\"font-weight: 400;\">* Paso de los Libres (desde Alem hasta \u00d1aembe)<\/p>\n<p style=\"font-weight: 400;\">* \u00d1aembe (desde Paso de los Libres hasta R\u00edo Negro)<\/p>\n<p style=\"font-weight: 400;\">* R\u00edo Negro<\/p>\n<p style=\"font-weight: 400;\">* Guatemala (desde Paso de los Libres hasta Salta)<\/p>\n<p style=\"font-weight: 400;\">* Pascual Lodola<\/p>\n<p style=\"font-weight: 400;\">Se recomienda especialmente a los vecinos de los barrios de la zona norte circular con precauci\u00f3n durante esos horarios y respetar los cortes establecidos por seguridad de los atletas.<\/p>\n<p style=\"font-weight: 400;\">El Triatl\u00f3n Ciudad de Goya es un evento deportivo que crece a\u00f1o a a\u00f1o y posiciona a nuestra ciudad en el calendario deportivo de la regi\u00f3n.<\/p>\n<p style=\"font-weight: 400;\">Entre todos hacemos posible esta gran competencia.<\/p>\n<p style=\"font-weight: 400;\">Goya tiene triatl\u00f3n y lo hacemos juntos.<\/p>\n","protected":false},"excerpt":{"rendered":"<p>Con motivo de la realizaci\u00f3n del Triatl\u00f3n Ciudad de Goya, se informa que habr\u00e1 cortes de calles y restricciones de circulaci\u00f3n en los horarios: Domingo 8 De 7:30 a 10:00 hs Calles y avenidas afectadas: * Av. Alem * Paso de los Libres (desde Alem hasta \u00d1aembe) * \u00d1aembe (desde Paso de los Libres hasta [&hellip;]<\/p>\n","protected":false},"author":4,"featured_media":146258,"comment_status":"closed","ping_status":"closed","sticky":false,"template":"","format":"standard","meta":{"footnotes":""},"categories":[45],"tags":[],"class_list":{"0":"post-146256","1":"post","2":"type-post","3":"status-publish","4":"format-standard","5":"has-post-thumbnail","7":"category-locales"},"_links":{"self":[{"href":"https:\/\/revistaesperanzas.com\/web\/wp-json\/wp\/v2\/posts\/146256","targetHints":{"allow":["GET"]}}],"collection":[{"href":"https:\/\/revistaesperanzas.com\/web\/wp-json\/wp\/v2\/posts"}],"about":[{"href":"https:\/\/revistaesperanzas.com\/web\/wp-json\/wp\/v2\/types\/post"}],"author":[{"embeddable":true,"href":"https:\/\/revistaesperanzas.com\/web\/wp-json\/wp\/v2\/users\/4"}],"replies":[{"embeddable":true,"href":"https:\/\/revistaesperanzas.com\/web\/wp-json\/wp\/v2\/comments?post=146256"}],"version-history":[{"count":1,"href":"https:\/\/revistaesperanzas.com\/web\/wp-json\/wp\/v2\/posts\/146256\/revisions"}],"predecessor-version":[{"id":146259,"href":"https:\/\/revistaesperanzas.com\/web\/wp-json\/wp\/v2\/posts\/146256\/revisions\/146259"}],"wp:featuredmedia":[{"embeddable":true,"href":"https:\/\/revistaesperanzas.com\/web\/wp-json\/wp\/v2\/media\/146258"}],"wp:attachment":[{"href":"https:\/\/revistaesperanzas.com\/web\/wp-json\/wp\/v2\/media?parent=146256"}],"wp:term":[{"taxonomy":"category","embeddable":true,"href":"https:\/\/revistaesperanzas.com\/web\/wp-json\/wp\/v2\/categories?post=146256"},{"taxonomy":"post_tag","embeddable":true,"href":"https:\/\/revistaesperanzas.com\/web\/wp-json\/wp\/v2\/tags?post=146256"}],"curies":[{"name":"wp","href":"https:\/\/api.w.org\/{rel}","templated":true}]}}