{"id":146260,"date":"2026-03-08T11:01:04","date_gmt":"2026-03-08T14:01:04","guid":{"rendered":"https:\/\/revistaesperanzas.com\/web\/?p=146260"},"modified":"2026-03-08T11:01:04","modified_gmt":"2026-03-08T14:01:04","slug":"dia-de-la-mujer","status":"publish","type":"post","link":"https:\/\/revistaesperanzas.com\/web\/2026\/03\/dia-de-la-mujer\/","title":{"rendered":"DIA DE LA MUJER"},"content":{"rendered":"<p style=\"font-weight: 400;\">Domingo 17 horas: Reconocimientos a Mujeres Emprendedoras en Club Hurac\u00e1n<\/p>\n<p style=\"font-weight: 400;\">La Municipalidad de Goya, por medio de la Secretaria de Desarrollo Humano, desde la Direcci\u00f3n de Promoci\u00f3n Social, har\u00e1 un reconocimiento a mujeres, emprendedoras, artesanas, l\u00edderes comunitarias.<\/p>\n<p style=\"font-weight: 400;\">La cita el domingo 8 de marzo, D\u00eda Internacional de la Mujer, en el Club Hurac\u00e1n<\/p>\n","protected":false},"excerpt":{"rendered":"<p>Domingo 17 horas: Reconocimientos a Mujeres Emprendedoras en Club Hurac\u00e1n La Municipalidad de Goya, por medio de la Secretaria de Desarrollo Humano, desde la Direcci\u00f3n de Promoci\u00f3n Social, har\u00e1 un reconocimiento a mujeres, emprendedoras, artesanas, l\u00edderes comunitarias. La cita el domingo 8 de marzo, D\u00eda Internacional de la Mujer, en el Club Hurac\u00e1n<\/p>\n","protected":false},"author":4,"featured_media":146257,"comment_status":"closed","ping_status":"closed","sticky":false,"template":"","format":"standard","meta":{"footnotes":""},"categories":[45],"tags":[],"class_list":{"0":"post-146260","1":"post","2":"type-post","3":"status-publish","4":"format-standard","5":"has-post-thumbnail","7":"category-locales"},"_links":{"self":[{"href":"https:\/\/revistaesperanzas.com\/web\/wp-json\/wp\/v2\/posts\/146260","targetHints":{"allow":["GET"]}}],"collection":[{"href":"https:\/\/revistaesperanzas.com\/web\/wp-json\/wp\/v2\/posts"}],"about":[{"href":"https:\/\/revistaesperanzas.com\/web\/wp-json\/wp\/v2\/types\/post"}],"author":[{"embeddable":true,"href":"https:\/\/revistaesperanzas.com\/web\/wp-json\/wp\/v2\/users\/4"}],"replies":[{"embeddable":true,"href":"https:\/\/revistaesperanzas.com\/web\/wp-json\/wp\/v2\/comments?post=146260"}],"version-history":[{"count":1,"href":"https:\/\/revistaesperanzas.com\/web\/wp-json\/wp\/v2\/posts\/146260\/revisions"}],"predecessor-version":[{"id":146261,"href":"https:\/\/revistaesperanzas.com\/web\/wp-json\/wp\/v2\/posts\/146260\/revisions\/146261"}],"wp:featuredmedia":[{"embeddable":true,"href":"https:\/\/revistaesperanzas.com\/web\/wp-json\/wp\/v2\/media\/146257"}],"wp:attachment":[{"href":"https:\/\/revistaesperanzas.com\/web\/wp-json\/wp\/v2\/media?parent=146260"}],"wp:term":[{"taxonomy":"category","embeddable":true,"href":"https:\/\/revistaesperanzas.com\/web\/wp-json\/wp\/v2\/categories?post=146260"},{"taxonomy":"post_tag","embeddable":true,"href":"https:\/\/revistaesperanzas.com\/web\/wp-json\/wp\/v2\/tags?post=146260"}],"curies":[{"name":"wp","href":"https:\/\/api.w.org\/{rel}","templated":true}]}}