{"id":146262,"date":"2026-03-08T11:03:05","date_gmt":"2026-03-08T14:03:05","guid":{"rendered":"https:\/\/revistaesperanzas.com\/web\/?p=146262"},"modified":"2026-03-08T11:03:05","modified_gmt":"2026-03-08T14:03:05","slug":"inscripciones-presenciales-abiertas-2","status":"publish","type":"post","link":"https:\/\/revistaesperanzas.com\/web\/2026\/03\/inscripciones-presenciales-abiertas-2\/","title":{"rendered":"INSCRIPCIONES PRESENCIALES ABIERTAS"},"content":{"rendered":"<p style=\"font-weight: 400;\">Instituto Superior de Formaci\u00f3n Docente Dr. Daniel Lesteime<\/p>\n<p style=\"font-weight: 400;\">El mencionado Instituto Superior, informa a toda la comunidad que hasta el 11 de marzo se encuentra abierta la inscripci\u00f3n presencial para ingresar a las carreras dictadas por esa casa de estudios.<\/p>\n<p style=\"font-weight: 400;\">Las personas interesadas pueden acercarse al Instituto, sito en \u00d1aemb\u00e9 y Polic\u00eda Federal, para realizar el tr\u00e1mite y recibir asesoramiento sobre las propuestas formativas disponibles.<\/p>\n<p style=\"font-weight: 400;\">A continuaci\u00f3n, se detallan las carreras y si cuentan con cupo disponible:<\/p>\n<p style=\"font-weight: 400;\">Tecnicatura Superior en Ciencia de Datos e Inteligencia Artificial.<\/p>\n<p style=\"font-weight: 400;\">Tecnicatura Superior en Turismo.<\/p>\n<p style=\"font-weight: 400;\">Tecnicatura Superior en Desarrollo de Software.<\/p>\n<p style=\"font-weight: 400;\">Tecnicatura Superior en Trabajo Social.<\/p>\n<p style=\"font-weight: 400;\">Tecnicatura Superior en Log\u00edstica.<\/p>\n<p style=\"font-weight: 400;\">Tecnicatura Superior en Gesti\u00f3n de la Producci\u00f3n Agropecuaria.<\/p>\n<p style=\"font-weight: 400;\">Profesorado de Educaci\u00f3n Secundaria en Matem\u00e1tica.<\/p>\n<p style=\"font-weight: 400;\">Profesorado de M\u00fasica.<\/p>\n<p style=\"font-weight: 400;\">Profesorado de Artes Visuales.<\/p>\n<p style=\"font-weight: 400;\">Profesorado de Educaci\u00f3n Secundaria en Agronom\u00eda.<\/p>\n<p style=\"font-weight: 400;\">Profesorado de Educaci\u00f3n Secundaria en Qu\u00edmica.<\/p>\n<p style=\"font-weight: 400;\">Profesorado de Ingl\u00e9s.<\/p>\n<p style=\"font-weight: 400;\">Profesorado en Educaci\u00f3n Tecnol\u00f3gica.<\/p>\n<p style=\"font-weight: 400;\">Los cupos son limitados, por lo que se recomienda realizar la inscripci\u00f3n a la brevedad.<\/p>\n<p style=\"font-weight: 400;\">Para m\u00e1s informaci\u00f3n, acercarse al Instituto (Biblioteca) en los siguientes horarios: 8 a 12 hs y de 14 a 22 hs<\/p>\n","protected":false},"excerpt":{"rendered":"<p>Instituto Superior de Formaci\u00f3n Docente Dr. Daniel Lesteime El mencionado Instituto Superior, informa a toda la comunidad que hasta el 11 de marzo se encuentra abierta la inscripci\u00f3n presencial para ingresar a las carreras dictadas por esa casa de estudios. Las personas interesadas pueden acercarse al Instituto, sito en \u00d1aemb\u00e9 y Polic\u00eda Federal, para realizar [&hellip;]<\/p>\n","protected":false},"author":4,"featured_media":146263,"comment_status":"closed","ping_status":"closed","sticky":false,"template":"","format":"standard","meta":{"footnotes":""},"categories":[45],"tags":[],"class_list":{"0":"post-146262","1":"post","2":"type-post","3":"status-publish","4":"format-standard","5":"has-post-thumbnail","7":"category-locales"},"_links":{"self":[{"href":"https:\/\/revistaesperanzas.com\/web\/wp-json\/wp\/v2\/posts\/146262","targetHints":{"allow":["GET"]}}],"collection":[{"href":"https:\/\/revistaesperanzas.com\/web\/wp-json\/wp\/v2\/posts"}],"about":[{"href":"https:\/\/revistaesperanzas.com\/web\/wp-json\/wp\/v2\/types\/post"}],"author":[{"embeddable":true,"href":"https:\/\/revistaesperanzas.com\/web\/wp-json\/wp\/v2\/users\/4"}],"replies":[{"embeddable":true,"href":"https:\/\/revistaesperanzas.com\/web\/wp-json\/wp\/v2\/comments?post=146262"}],"version-history":[{"count":1,"href":"https:\/\/revistaesperanzas.com\/web\/wp-json\/wp\/v2\/posts\/146262\/revisions"}],"predecessor-version":[{"id":146264,"href":"https:\/\/revistaesperanzas.com\/web\/wp-json\/wp\/v2\/posts\/146262\/revisions\/146264"}],"wp:featuredmedia":[{"embeddable":true,"href":"https:\/\/revistaesperanzas.com\/web\/wp-json\/wp\/v2\/media\/146263"}],"wp:attachment":[{"href":"https:\/\/revistaesperanzas.com\/web\/wp-json\/wp\/v2\/media?parent=146262"}],"wp:term":[{"taxonomy":"category","embeddable":true,"href":"https:\/\/revistaesperanzas.com\/web\/wp-json\/wp\/v2\/categories?post=146262"},{"taxonomy":"post_tag","embeddable":true,"href":"https:\/\/revistaesperanzas.com\/web\/wp-json\/wp\/v2\/tags?post=146262"}],"curies":[{"name":"wp","href":"https:\/\/api.w.org\/{rel}","templated":true}]}}