{"id":146265,"date":"2026-03-08T11:26:40","date_gmt":"2026-03-08T14:26:40","guid":{"rendered":"https:\/\/revistaesperanzas.com\/web\/?p=146265"},"modified":"2026-03-08T11:26:40","modified_gmt":"2026-03-08T14:26:40","slug":"corto-una-manzana-a-la-mitad-y-dejo-una-huella-imborrable-enel-espectaculo-argentino-once-anos-sin-gerardo-sofovich","status":"publish","type":"post","link":"https:\/\/revistaesperanzas.com\/web\/2026\/03\/corto-una-manzana-a-la-mitad-y-dejo-una-huella-imborrable-enel-espectaculo-argentino-once-anos-sin-gerardo-sofovich\/","title":{"rendered":"CORT\u00d3 UNA MANZANA A LA MITAD Y DEJO UNA HUELLA IMBORRABLE ENEL ESPECT\u00c1CULO ARGENTINO: ONCE A\u00d1OS SIN GERARDO SOFOVICH"},"content":{"rendered":"<header class=\"article-header-wrapper\">\n<div class=\"article-header with-follow-button-ctn\">\n<p class=\"article-subheadline text_align_left\"><span style=\"font-size: 12pt;\"><strong>Por: <a class=\"author-name\" href=\"https:\/\/www.infobae.com\/autor\/nancy-dure\/\" aria-label=\"Nancy  Dur\u00e9\">Nancy Dur\u00e9\u00a0 &#8211; \u00a0<\/a>El recordado productor falleci\u00f3 a los 77 a\u00f1os, el 8 de marzo de 2015, despu\u00e9s de m\u00e1s de cinco d\u00e9cadas trabajando en el mundo del entretenimiento<\/strong><\/span><\/p>\n<\/div>\n<\/header>\n<article class=\"article\">\n<div class=\"body-article \">\n<div class=\"visual__image image-initial-width\"><picture><source srcset=\"https:\/\/www.infobae.com\/resizer\/v2\/DNH75YBUKRAUZPMNY5KYL24GQE.jpg?auth=986dadf7b069984194cb0749ab5efa5629efc65f276dc44c75c664830d8fae74&amp;smart=true&amp;width=992&amp;height=661&amp;quality=85\" media=\"(min-width: 1000px)\" \/><source srcset=\"https:\/\/www.infobae.com\/resizer\/v2\/DNH75YBUKRAUZPMNY5KYL24GQE.jpg?auth=986dadf7b069984194cb0749ab5efa5629efc65f276dc44c75c664830d8fae74&amp;smart=true&amp;width=768&amp;height=512&amp;quality=85\" media=\"(min-width: 768px)\" \/><source srcset=\"https:\/\/www.infobae.com\/resizer\/v2\/DNH75YBUKRAUZPMNY5KYL24GQE.jpg?auth=986dadf7b069984194cb0749ab5efa5629efc65f276dc44c75c664830d8fae74&amp;smart=true&amp;width=577&amp;height=384&amp;quality=85\" media=\"(min-width: 580px)\" \/><source srcset=\"https:\/\/www.infobae.com\/resizer\/v2\/DNH75YBUKRAUZPMNY5KYL24GQE.jpg?auth=986dadf7b069984194cb0749ab5efa5629efc65f276dc44c75c664830d8fae74&amp;smart=true&amp;width=420&amp;height=280&amp;quality=85\" media=\"(min-width: 350px)\" \/><source srcset=\"https:\/\/www.infobae.com\/resizer\/v2\/DNH75YBUKRAUZPMNY5KYL24GQE.jpg?auth=986dadf7b069984194cb0749ab5efa5629efc65f276dc44c75c664830d8fae74&amp;smart=true&amp;width=350&amp;height=233&amp;quality=85\" media=\"(min-width: 80px)\" \/><img loading=\"lazy\" decoding=\"async\" class=\"global-image\" src=\"https:\/\/www.infobae.com\/resizer\/v2\/DNH75YBUKRAUZPMNY5KYL24GQE.jpg?auth=986dadf7b069984194cb0749ab5efa5629efc65f276dc44c75c664830d8fae74&amp;smart=true&amp;width=350&amp;height=233&amp;quality=85\" alt=\"Gerardo Sofovich \u200bfue actor, director,\" width=\"1920\" height=\"1279\" \/><\/picture>Gerardo Sofovich \u200bfue actor, director, guionista, productor teatral, cinematogr\u00e1fico y uno de los grandes referentes de la televisi\u00f3n argentina<\/div>\n<div><\/div>\n<p class=\"paragraph\" data-mrf-recirculation=\"Links inline\"><b>\u201cNo le tengo miedo a la muerte\u201d<\/b>, hab\u00eda dicho\u00a0<b>Gerardo Sofovich<\/b>\u00a0en una entrevista. Productor, guionista, director y conductor, amaba lo que hac\u00eda y nunca dej\u00f3 de trabajar. De hecho, su \u00faltima aparici\u00f3n en televisi\u00f3n hab\u00eda tenido lugar una semana antes de su partida en\u00a0<i><b>Los 8 escalones<\/b><\/i>, programa conducido por<b>\u00a0<\/b>Guido Kaczka<b>\u00a0<\/b>en ElTrece del que era jurado de lujo. Y nadie pod\u00eda imaginar lo que pasar\u00eda d\u00edas m\u00e1s tarde. Pero su salud ven\u00eda complicada. Y<b>\u00a0el 8 de marzo de 2015, despu\u00e9s de atravesar una breve internaci\u00f3n en la Cl\u00ednica Suizo Argentina de Barrio Norte, falleci\u00f3.<\/b>\u00a0Ten\u00eda 77 a\u00f1os y hab\u00eda dejado una huella imborrable en el mundo del espect\u00e1culo argentino.<\/p>\n<p class=\"paragraph\" data-mrf-recirculation=\"Links inline\">\u201cSiete d\u00edas antes de morir, cuando ya le dol\u00eda mucho el cuerpo, me dijo: \u2018Se termin\u00f3. Ya te veo bien a vos, as\u00ed que no quiero pasarla m\u00e1s mal\u2019. Y a la semana, cuando se estaba yendo para la cl\u00ednica, me sonri\u00f3. \u00a1Qu\u00e9 incre\u00edble!<b>\u00a0\u00c9l sab\u00eda que se estaba muriendo y ten\u00eda un dolor terrible, pero me sonri\u00f3. Y, a la media hora muri\u00f3.<\/b>\u00a0As\u00ed que la \u00faltima imagen que yo tengo de \u00e9l fue esa, mientras me sonre\u00eda\u201d, record\u00f3 su hijo\u00a0<b>Gustavo.<\/b><\/p>\n<div class=\"inline ad-wrapper\">\n<div class=\"dfpAd ad-inline\">\n<div id=\"infobae\/sociedad\/personajes\/nota\/inline\" class=\"infobae\/sociedad\/personajes\/nota\/inline arcad\" data-google-query-id=\"CMWO_9C_kJMDFcAMHgAdxoMp-g\">\n<div id=\"google_ads_iframe_\/1058609\/infobae\/sociedad\/personajes\/nota\/inline_0__container__\">Separado desde 1995 de Carmen Morales, a qui\u00e9n nunca dej\u00f3 de acompa\u00f1ar econ\u00f3mica y afectivamente a pesar de haber rearmado su vida junto a Sof\u00eda Oleksak entre 2009 y 2011, Gerardo se aferr\u00f3 a sus nietos, Tatiana y Nacho, y se preocup\u00f3 hasta \u00faltimo momento por ayudar a su \u00fanico descendiente a salir de las adicciones. Hasta que lo consigui\u00f3. Y, reci\u00e9n ah\u00ed, se sinti\u00f3 en paz. \u201c<b>Es m\u00e1s, yo creo que se pudo ir porque me vio bien<\/b>\u201d, reconoci\u00f3 el actual productor, que contin\u00faa con el legado de su padre en\u00a0<i>Pol\u00e9mica en el bar<\/i>.<\/div>\n<div><\/div>\n<\/div>\n<\/div>\n<\/div>\n<div class=\"visual__image\"><picture><source srcset=\"https:\/\/www.infobae.com\/resizer\/v2\/R2KF4D3NHRGDXHRSALTTVATNUM.jpg?auth=a0dac125d5d13af2171a33bd3e1f66b2fd935cd9366387001a03ba0fda25ca69&amp;smart=true&amp;width=992&amp;height=558&amp;quality=85\" media=\"(min-width: 1000px)\" \/><source srcset=\"https:\/\/www.infobae.com\/resizer\/v2\/R2KF4D3NHRGDXHRSALTTVATNUM.jpg?auth=a0dac125d5d13af2171a33bd3e1f66b2fd935cd9366387001a03ba0fda25ca69&amp;smart=true&amp;width=768&amp;height=432&amp;quality=85\" media=\"(min-width: 768px)\" \/><source srcset=\"https:\/\/www.infobae.com\/resizer\/v2\/R2KF4D3NHRGDXHRSALTTVATNUM.jpg?auth=a0dac125d5d13af2171a33bd3e1f66b2fd935cd9366387001a03ba0fda25ca69&amp;smart=true&amp;width=577&amp;height=325&amp;quality=85\" media=\"(min-width: 580px)\" \/><source srcset=\"https:\/\/www.infobae.com\/resizer\/v2\/R2KF4D3NHRGDXHRSALTTVATNUM.jpg?auth=a0dac125d5d13af2171a33bd3e1f66b2fd935cd9366387001a03ba0fda25ca69&amp;smart=true&amp;width=420&amp;height=236&amp;quality=85\" media=\"(min-width: 350px)\" \/><source srcset=\"https:\/\/www.infobae.com\/resizer\/v2\/R2KF4D3NHRGDXHRSALTTVATNUM.jpg?auth=a0dac125d5d13af2171a33bd3e1f66b2fd935cd9366387001a03ba0fda25ca69&amp;smart=true&amp;width=350&amp;height=197&amp;quality=85\" media=\"(min-width: 80px)\" \/><img loading=\"lazy\" decoding=\"async\" class=\"global-image\" src=\"https:\/\/www.infobae.com\/resizer\/v2\/R2KF4D3NHRGDXHRSALTTVATNUM.jpg?auth=a0dac125d5d13af2171a33bd3e1f66b2fd935cd9366387001a03ba0fda25ca69&amp;smart=true&amp;width=350&amp;height=197&amp;quality=85\" alt=\"Gerardo y su hijo, Gustavo\" width=\"1920\" height=\"1080\" \/><\/picture>Gerardo y su hijo, Gustavo Sofovich<\/div>\n<div><\/div>\n<p class=\"paragraph\" data-mrf-recirculation=\"Links inline\">Gerardo hab\u00eda nacido\u00a0<b>el 18 de marzo de 1937<\/b>\u00a0en Buenos Aires. Su padre, Manuel Sofovich, era un periodista y autor teatral y su madre, Regina Levis, una ama de casa. \u00c9l comenz\u00f3 a trabajar siendo un adolescente como cronista deportivo en\u00a0<i>Noticias Gr\u00e1ficas<\/i>. Y, con tan solo 14 a\u00f1os, ingres\u00f3 a la facultad de Arquitectura. Sin embargo, la repentina muerte de su progenitor lo hizo dejar la carrera meses antes de obtener su t\u00edtulo. Entonces decidi\u00f3 que lo suyo tambi\u00e9n ser\u00eda escribir, aunque por entonces no imagin\u00f3 cu\u00e1nto m\u00e1s llegar\u00eda a hacer en el medio.<\/p>\n<div class=\"inline_2_DSK ad-wrapper ad-desktop\">\n<div class=\"dfpAd ad-inline\">\n<div id=\"infobae\/sociedad\/personajes\/nota\/inline_2_DSK\" class=\"infobae\/sociedad\/personajes\/nota\/inline_2_DSK arcad\" data-google-query-id=\"CKKk59C_kJMDFYcMHgAdZ_sbEQ\">\n<div id=\"google_ads_iframe_\/1058609\/infobae\/sociedad\/personajes\/nota\/inline_2_DSK_0__container__\">Con el tiempo se convirti\u00f3 en redactor en una agencia de publicidad y public\u00f3 ilustraciones humor\u00edsticas en <i><b>T\u00eda Vicenta<\/b><\/i>, una revista sat\u00edrica de actualidad fundada por\u00a0<b>Landr\u00fa<\/b>. Y m\u00e1s tarde tuvo la posibilidad de crear su primer libreto para la pantalla chica de la mano del humorista\u00a0<b>Juan Verdaguer<\/b>. Pero fue con\u00a0<i><b>Balamicina<\/b><\/i>, programa protagonizado por\u00a0<b>Carlitos Bal\u00e1<\/b>, que tuvo la oportunidad de formar una dupla con su hermano Hugo. Y juntos, en 1964, debutaron con\u00a0<i><b>Operaci\u00f3n Ja Ja<\/b><\/i>.<\/div>\n<div><\/div>\n<\/div>\n<\/div>\n<\/div>\n<p class=\"paragraph\" data-mrf-recirculation=\"Links inline\">El ciclo, que se emit\u00eda por la pantalla de Canal 9, marc\u00f3 un antes y un despu\u00e9s en su carrera. Y se convirti\u00f3 en uno de los hitos m\u00e1s emblem\u00e1ticos de la televisi\u00f3n argentina. Por all\u00ed pasaron figuras de la talla de<b>\u00a0Fidel Pintos, Javier Portales, Juan Carlos Calabr\u00f3, Vicente La Russa, Mario S\u00e1nchez, Mario Sapag, Rolo Puente, Juan Carlos Altavista y Mar\u00eda Rosa Fugazot<\/b>. \u201cYo mismo me sorprendo de la cantidad de cosas que he hecho en mi vida. Pero esta idea da para renovarla todos los a\u00f1os\u201d, dijo Sofovich sobre este programa que lleg\u00f3 a medir m\u00e1s de 60 puntos de\u00a0<i>rating<\/i>\u00a0y dio origen, a partir de dos de sus\u00a0<i>sketchs<\/i>, a\u00a0<i><b>Pol\u00e9mica en el bar<\/b><\/i><b>\u00a0<\/b>y<b>\u00a0<\/b><i><b>La peluquer\u00eda de Don Mateo<\/b><\/i>.<\/p>\n<div class=\"visual__image\"><picture><source srcset=\"https:\/\/www.infobae.com\/resizer\/v2\/OP56T6XXLJBU7NP26VVOA2YTGU.jpg?auth=a6f4cdc7b765637513cfcbaca5b9a47d7ba8bc7522c2bda752146dc472bc7176&amp;smart=true&amp;width=992&amp;height=649&amp;quality=85\" media=\"(min-width: 1000px)\" \/><source srcset=\"https:\/\/www.infobae.com\/resizer\/v2\/OP56T6XXLJBU7NP26VVOA2YTGU.jpg?auth=a6f4cdc7b765637513cfcbaca5b9a47d7ba8bc7522c2bda752146dc472bc7176&amp;smart=true&amp;width=768&amp;height=502&amp;quality=85\" media=\"(min-width: 768px)\" \/><source srcset=\"https:\/\/www.infobae.com\/resizer\/v2\/OP56T6XXLJBU7NP26VVOA2YTGU.jpg?auth=a6f4cdc7b765637513cfcbaca5b9a47d7ba8bc7522c2bda752146dc472bc7176&amp;smart=true&amp;width=577&amp;height=377&amp;quality=85\" media=\"(min-width: 580px)\" \/><source srcset=\"https:\/\/www.infobae.com\/resizer\/v2\/OP56T6XXLJBU7NP26VVOA2YTGU.jpg?auth=a6f4cdc7b765637513cfcbaca5b9a47d7ba8bc7522c2bda752146dc472bc7176&amp;smart=true&amp;width=420&amp;height=275&amp;quality=85\" media=\"(min-width: 350px)\" \/><source srcset=\"https:\/\/www.infobae.com\/resizer\/v2\/OP56T6XXLJBU7NP26VVOA2YTGU.jpg?auth=a6f4cdc7b765637513cfcbaca5b9a47d7ba8bc7522c2bda752146dc472bc7176&amp;smart=true&amp;width=350&amp;height=229&amp;quality=85\" media=\"(min-width: 80px)\" \/><img loading=\"lazy\" decoding=\"async\" class=\"global-image\" src=\"https:\/\/www.infobae.com\/resizer\/v2\/OP56T6XXLJBU7NP26VVOA2YTGU.jpg?auth=a6f4cdc7b765637513cfcbaca5b9a47d7ba8bc7522c2bda752146dc472bc7176&amp;smart=true&amp;width=350&amp;height=229&amp;quality=85\" alt=\"Gerardo Sofovich en Pol\u00e9mica en\" width=\"1920\" height=\"1256\" \/><\/picture><\/div>\n<div><\/div>\n<div class=\"visual__image\">Gerardo Sofovich en Pol\u00e9mica en el bar con Julio de Grazia, Rolo Puente, &#8220;El Preso&#8221; (Vicente La Russa), Jorge Porcel y &#8220;Minguito&#8221; (Juan Carlos Altavista)<\/div>\n<p class=\"paragraph\" data-mrf-recirculation=\"Links inline\">Gerardo tambi\u00e9n se destac\u00f3 en la pantalla grande, donde dirigi\u00f3 pel\u00edculas como\u00a0<i>Los caballeros de la cama redonda<\/i>\u00a0(1973),\u00a0<i>Los doctores las prefieren desnudas<\/i>\u00a0(1973),\u00a0<i>Los vampiros los prefieren gorditos<\/i>\u00a0(1974),\u00a0<i>La guerra de los sostenes<\/i>\u00a0(1976),\u00a0<i>Las mu\u00f1ecas que hacen \u00a1pum!<\/i>\u00a0(1979),\u00a0<i>La noche viene movida\u00a0<\/i>(1980),\u00a0<i>Camarero nocturno en Mar del Plata<\/i>\u00a0(1986),\u00a0<i>Las minas de Salom\u00f3n Rey<\/i>\u00a0(1986),\u00a0<i>Johny Tolengo, el majestuoso<\/i>\u00a0(1987) y\u00a0<i>Me sobra un marido<\/i>\u00a0(1987). Y entre las figuras protagonistas de sus films se puede mencionar a Alberto Olmedo, Jorge Porcel, Moria Cas\u00e1n y Susana Gim\u00e9nez, junto a muchas otras estrellas.<\/p>\n<p class=\"paragraph\" data-mrf-recirculation=\"Links inline\">A fines de los \u201880, en tanto, Sofovich lleg\u00f3 a liderar la televisi\u00f3n de los fines de semana con<b>\u00a0<\/b><i><b>La noche del domingo<\/b><\/i>, un programa del que hablaba todo el pa\u00eds y que lograba captar la atenci\u00f3n de los televidentes con humor, musicales y juegos tan simples como\u00a0<b>el corte de la manzana<\/b>, el campeonato de balero, las pulseadas, el jenga o el bowling. Cont\u00f3 con la participaci\u00f3n de grandes figuras del espect\u00e1culo. Pero \u00e9l, como conductor, no estaba dispuesto a regalar ning\u00fan premio. Y en cada competencia en la que ten\u00eda que interactuar personalmente con sus invitados, demostraba su pasi\u00f3n por ganar, as\u00ed sea, por simple placer de vencer al contrincante.<\/p>\n<p class=\"paragraph\" data-mrf-recirculation=\"Links inline\">Entre 1989 y 1992, bajo la presidencia de su amigo\u00a0<b>Carlos Menem<\/b>, Sofovich ocup\u00f3 cargos en la funci\u00f3n p\u00fablica. Primero fue coordinador del Zool\u00f3gico de Buenos Aires, que estaba en v\u00edas de privatizaci\u00f3n. Y, despu\u00e9s, se desempe\u00f1\u00f3 como\u00a0<b>interventor de ATC<\/b>\u00a0(Argentina Televisi\u00f3n a Color), actualmente la TV P\u00fablica. Pero lo suyo, sin lugar a dudas, pasaba por otro lado.<\/p>\n<div class=\"visual__image\"><picture><source srcset=\"https:\/\/www.infobae.com\/resizer\/v2\/BVICKEMYQZH3XHZHLSDVGB4MDQ.jpeg?auth=d67b0d3caceb929cf54d419510c2b3c3def218de0514eb0a2b0c4f16f87b6760&amp;smart=true&amp;width=992&amp;height=558&amp;quality=85\" media=\"(min-width: 1000px)\" \/><source srcset=\"https:\/\/www.infobae.com\/resizer\/v2\/BVICKEMYQZH3XHZHLSDVGB4MDQ.jpeg?auth=d67b0d3caceb929cf54d419510c2b3c3def218de0514eb0a2b0c4f16f87b6760&amp;smart=true&amp;width=768&amp;height=432&amp;quality=85\" media=\"(min-width: 768px)\" \/><source srcset=\"https:\/\/www.infobae.com\/resizer\/v2\/BVICKEMYQZH3XHZHLSDVGB4MDQ.jpeg?auth=d67b0d3caceb929cf54d419510c2b3c3def218de0514eb0a2b0c4f16f87b6760&amp;smart=true&amp;width=577&amp;height=325&amp;quality=85\" media=\"(min-width: 580px)\" \/><source srcset=\"https:\/\/www.infobae.com\/resizer\/v2\/BVICKEMYQZH3XHZHLSDVGB4MDQ.jpeg?auth=d67b0d3caceb929cf54d419510c2b3c3def218de0514eb0a2b0c4f16f87b6760&amp;smart=true&amp;width=420&amp;height=236&amp;quality=85\" media=\"(min-width: 350px)\" \/><source srcset=\"https:\/\/www.infobae.com\/resizer\/v2\/BVICKEMYQZH3XHZHLSDVGB4MDQ.jpeg?auth=d67b0d3caceb929cf54d419510c2b3c3def218de0514eb0a2b0c4f16f87b6760&amp;smart=true&amp;width=350&amp;height=197&amp;quality=85\" media=\"(min-width: 80px)\" \/><img loading=\"lazy\" decoding=\"async\" class=\"global-image\" src=\"https:\/\/www.infobae.com\/resizer\/v2\/BVICKEMYQZH3XHZHLSDVGB4MDQ.jpeg?auth=d67b0d3caceb929cf54d419510c2b3c3def218de0514eb0a2b0c4f16f87b6760&amp;smart=true&amp;width=350&amp;height=197&amp;quality=85\" alt=\"Gerardo en el jurado del\" width=\"1920\" height=\"1080\" \/><\/picture>Gerardo en el jurado del Bailando por un sue\u00f1o con Jorge Lafauci, Moria Cas\u00e1n y Graciela Alfano<\/div>\n<p class=\"paragraph\" data-mrf-recirculation=\"Links inline\">De hecho, Sofovich tambi\u00e9n fue un gran productor y director de teatro. Adem\u00e1s de a los capoc\u00f3micos que trabajaban con \u00e9l en sus programas, tuvo bajo su mando a vedettes de la talla de<b>\u00a0Ethel y Gog\u00f3 Rojo, Norma y Mim\u00ed Pons y N\u00e9lida Roca<\/b>. Y, ya a mediados de los 2000, marc\u00f3 un cambio en el g\u00e9nero revisteril y en la comedia con obras como\u00a0<i><b>Diferente<\/b><\/i>,\u00a0<i><b>M\u00e1s que diferente<\/b><\/i><b>\u00a0<\/b>y<b>\u00a0<\/b><i><b>El champ\u00e1n las pone mimosas<\/b><\/i><b>.<\/b><\/p>\n<p class=\"paragraph\" data-mrf-recirculation=\"Links inline\">Ten\u00eda car\u00e1cter. Y era muy, pero muy exigente. As\u00ed que, entre los a\u00f1os 2007 y 2008, Gerardo fue convocado por\u00a0<b>Marcelo Tinelli\u00a0<\/b>para ser el presidente del jurado del\u00a0<i><b>Bailando por un sue\u00f1o<\/b><\/i><b>\u00a0<\/b>en su ciclo, ShowMatch. En ese tiempo, era presentado con la m\u00fasica de la pel\u00edcula\u00a0<i>El Padrino<\/i>\u00a0de fondo. Y se divert\u00eda encarnando el personaje del malvado que aterraba a los participantes.<\/p>\n<p class=\"paragraph\" data-mrf-recirculation=\"Links inline\">Sin embargo, uno de los roles en los que m\u00e1s se destac\u00f3 tuvo que ver, justamente, con su \u00faltimo trabajo:\u00a0<i><b>Los 8 escalones<\/b><\/i>. Due\u00f1o de un conocimiento infinito, Sofovich hizo gala de su gran cultura general como jurado de este certamen de preguntas y respuestas en el que, seg\u00fan se dijo en m\u00e1s de una oportunidad, nunca sab\u00eda de antemano el tema que se iba a tratar. Con este rol logr\u00f3, adem\u00e1s, captar la atenci\u00f3n y el cari\u00f1o de las nuevas generaciones que al d\u00eda de hoy lo siguen recordando.<\/p>\n<\/div>\n<\/article>\n","protected":false},"excerpt":{"rendered":"<p>Por: Nancy Dur\u00e9\u00a0 &#8211; \u00a0El recordado productor falleci\u00f3 a los 77 a\u00f1os, el 8 de marzo de 2015, despu\u00e9s de m\u00e1s de cinco d\u00e9cadas trabajando en el mundo del entretenimiento Gerardo Sofovich \u200bfue actor, director, guionista, productor teatral, cinematogr\u00e1fico y uno de los grandes referentes de la televisi\u00f3n argentina \u201cNo le tengo miedo a la [&hellip;]<\/p>\n","protected":false},"author":4,"featured_media":146266,"comment_status":"closed","ping_status":"closed","sticky":false,"template":"","format":"standard","meta":{"footnotes":""},"categories":[4],"tags":[],"class_list":{"0":"post-146265","1":"post","2":"type-post","3":"status-publish","4":"format-standard","5":"has-post-thumbnail","7":"category-nacionales"},"_links":{"self":[{"href":"https:\/\/revistaesperanzas.com\/web\/wp-json\/wp\/v2\/posts\/146265","targetHints":{"allow":["GET"]}}],"collection":[{"href":"https:\/\/revistaesperanzas.com\/web\/wp-json\/wp\/v2\/posts"}],"about":[{"href":"https:\/\/revistaesperanzas.com\/web\/wp-json\/wp\/v2\/types\/post"}],"author":[{"embeddable":true,"href":"https:\/\/revistaesperanzas.com\/web\/wp-json\/wp\/v2\/users\/4"}],"replies":[{"embeddable":true,"href":"https:\/\/revistaesperanzas.com\/web\/wp-json\/wp\/v2\/comments?post=146265"}],"version-history":[{"count":1,"href":"https:\/\/revistaesperanzas.com\/web\/wp-json\/wp\/v2\/posts\/146265\/revisions"}],"predecessor-version":[{"id":146267,"href":"https:\/\/revistaesperanzas.com\/web\/wp-json\/wp\/v2\/posts\/146265\/revisions\/146267"}],"wp:featuredmedia":[{"embeddable":true,"href":"https:\/\/revistaesperanzas.com\/web\/wp-json\/wp\/v2\/media\/146266"}],"wp:attachment":[{"href":"https:\/\/revistaesperanzas.com\/web\/wp-json\/wp\/v2\/media?parent=146265"}],"wp:term":[{"taxonomy":"category","embeddable":true,"href":"https:\/\/revistaesperanzas.com\/web\/wp-json\/wp\/v2\/categories?post=146265"},{"taxonomy":"post_tag","embeddable":true,"href":"https:\/\/revistaesperanzas.com\/web\/wp-json\/wp\/v2\/tags?post=146265"}],"curies":[{"name":"wp","href":"https:\/\/api.w.org\/{rel}","templated":true}]}}