{"id":146272,"date":"2026-03-08T20:46:49","date_gmt":"2026-03-08T23:46:49","guid":{"rendered":"https:\/\/revistaesperanzas.com\/web\/?p=146272"},"modified":"2026-03-08T20:46:49","modified_gmt":"2026-03-08T23:46:49","slug":"dia-de-la-mujer-vecinalistas-recordaron-en-la-plaza-8-de-marzo-del-barrio-alem-a-las-mujeres","status":"publish","type":"post","link":"https:\/\/revistaesperanzas.com\/web\/2026\/03\/dia-de-la-mujer-vecinalistas-recordaron-en-la-plaza-8-de-marzo-del-barrio-alem-a-las-mujeres\/","title":{"rendered":"DIA DE LA MUJER: VECINALISTAS RECORDARON EN LA PLAZA 8 DE MARZO DEL BARRIO ALEM A LAS MUJERES"},"content":{"rendered":"<p class=\"x_MsoNormal\">El domingo en Plaza de la Mujer del Barrio Alem a las 8 horas, se convocaron presidentes barriales, para realizar el acto recordatorio por el D\u00eda Internacional de la Mujer, dando inicio con el izamiento de la Bandera Nacional, por parte de la Presidente del Consejo Vecinal<a href=\"https:\/\/revistaesperanzas.com\/web\/2026\/03\/dia-de-la-mujer-vecinalistas-recordaron-en-la-plaza-8-de-marzo-del-barrio-alem-a-las-mujeres\/dia-de-la-mujer-plza-8-de-marzo-barrio-alem-3\/\" rel=\"attachment wp-att-146275\"><img loading=\"lazy\" decoding=\"async\" class=\" wp-image-146275 alignleft\" src=\"https:\/\/revistaesperanzas.com\/web\/wp-content\/uploads\/2026\/03\/Dia-de-la-Mujer-Plza-8-de-Marzo-Barrio-Alem-3.jpg\" alt=\"\" width=\"401\" height=\"226\" \/><\/a> Fernanda Diez, acompa\u00f1ada de integrantes de la comisi\u00f3n junto a presidentes de otros barrios que participaron de la recordaci\u00f3n de la fecha.<\/p>\n<p class=\"x_MsoNormal\">Del acto recordatorio participaron junto a la presidente del Barrio Alem Fernanda Diez, los presidentes de los siguientes Barrios; Sargento Cabral Silvia Fern\u00e1ndez; del Barrio Remanso Teresa S\u00e1nchez; del Barrio<a href=\"https:\/\/revistaesperanzas.com\/web\/2026\/03\/dia-de-la-mujer-vecinalistas-recordaron-en-la-plaza-8-de-marzo-del-barrio-alem-a-las-mujeres\/dia-de-la-mujer-plza-8-de-marzo-barrio-alem-2\/\" rel=\"attachment wp-att-146276\"><img loading=\"lazy\" decoding=\"async\" class=\" wp-image-146276 alignright\" src=\"https:\/\/revistaesperanzas.com\/web\/wp-content\/uploads\/2026\/03\/Dia-de-la-Mujer-Plza-8-de-Marzo-Barrio-Alem-2.jpg\" alt=\"\" width=\"350\" height=\"477\" srcset=\"https:\/\/revistaesperanzas.com\/web\/wp-content\/uploads\/2026\/03\/Dia-de-la-Mujer-Plza-8-de-Marzo-Barrio-Alem-2.jpg 550w, https:\/\/revistaesperanzas.com\/web\/wp-content\/uploads\/2026\/03\/Dia-de-la-Mujer-Plza-8-de-Marzo-Barrio-Alem-2-308x420.jpg 308w\" sizes=\"auto, (max-width: 350px) 100vw, 350px\" \/><\/a> Bicentenario de la Patria Mar\u00eda Soto; del Barrio 9 de Julio Rosita Zainum; del Barrio Prefectura Liliana P\u00e9rez; del Barrio Costa de las Rosas Gabriel Chamorro; adem\u00e1s del Se\u00f1or Lino Sosa de la comisi\u00f3n directiva del barrio anfitri\u00f3n junto a vecinos de ese lugar.<\/p>\n<p class=\"x_MsoNormal\">El encuentro en la Plaza de la Mujer, ubicada en el Barrio Alem, fue el marco adecuado para recordar a vecinalistas que han dedicado su vida, su tiempo y gestionaron para sus respectivos barrios, destacando en esas personas la gran labor desarrollada y la lucha por el bienestar de los vecinos, en ese sentido los presentes recordaron a Elida Castelli del Barrio Mauricio Valenzuela, a Antonia Basse Presidente del Barrio \u201cCoqui\u201d<a href=\"https:\/\/revistaesperanzas.com\/web\/2026\/03\/dia-de-la-mujer-vecinalistas-recordaron-en-la-plaza-8-de-marzo-del-barrio-alem-a-las-mujeres\/dia-de-la-mujer-plza-8-de-marzo-barrio-alem-1\/\" rel=\"attachment wp-att-146277\"><img loading=\"lazy\" decoding=\"async\" class=\" wp-image-146277 alignleft\" src=\"https:\/\/revistaesperanzas.com\/web\/wp-content\/uploads\/2026\/03\/Dia-de-la-Mujer-Plza-8-de-Marzo-Barrio-Alem-1.jpg\" alt=\"\" width=\"318\" height=\"398\" srcset=\"https:\/\/revistaesperanzas.com\/web\/wp-content\/uploads\/2026\/03\/Dia-de-la-Mujer-Plza-8-de-Marzo-Barrio-Alem-1.jpg 600w, https:\/\/revistaesperanzas.com\/web\/wp-content\/uploads\/2026\/03\/Dia-de-la-Mujer-Plza-8-de-Marzo-Barrio-Alem-1-336x420.jpg 336w\" sizes=\"auto, (max-width: 318px) 100vw, 318px\" \/><\/a> Correa; a la presidente del Barrio 9 de Julio Lucia Ca\u00f1ete, asegurando que quedar\u00e1n para \u201csiempre en\u00a0 nuestro coraz\u00f3n\u201d<\/p>\n<p class=\"x_MsoNormal\">Tras el acto, los vecinalistas compartieron un refrigerio.<\/p>\n","protected":false},"excerpt":{"rendered":"<p>El domingo en Plaza de la Mujer del Barrio Alem a las 8 horas, se convocaron presidentes barriales, para realizar el acto recordatorio por el D\u00eda Internacional de la Mujer, dando inicio con el izamiento de la Bandera Nacional, por parte de la Presidente del Consejo Vecinal Fernanda Diez, acompa\u00f1ada de integrantes de la comisi\u00f3n [&hellip;]<\/p>\n","protected":false},"author":4,"featured_media":146274,"comment_status":"closed","ping_status":"closed","sticky":false,"template":"","format":"standard","meta":{"footnotes":""},"categories":[45],"tags":[],"class_list":{"0":"post-146272","1":"post","2":"type-post","3":"status-publish","4":"format-standard","5":"has-post-thumbnail","7":"category-locales"},"_links":{"self":[{"href":"https:\/\/revistaesperanzas.com\/web\/wp-json\/wp\/v2\/posts\/146272","targetHints":{"allow":["GET"]}}],"collection":[{"href":"https:\/\/revistaesperanzas.com\/web\/wp-json\/wp\/v2\/posts"}],"about":[{"href":"https:\/\/revistaesperanzas.com\/web\/wp-json\/wp\/v2\/types\/post"}],"author":[{"embeddable":true,"href":"https:\/\/revistaesperanzas.com\/web\/wp-json\/wp\/v2\/users\/4"}],"replies":[{"embeddable":true,"href":"https:\/\/revistaesperanzas.com\/web\/wp-json\/wp\/v2\/comments?post=146272"}],"version-history":[{"count":2,"href":"https:\/\/revistaesperanzas.com\/web\/wp-json\/wp\/v2\/posts\/146272\/revisions"}],"predecessor-version":[{"id":146279,"href":"https:\/\/revistaesperanzas.com\/web\/wp-json\/wp\/v2\/posts\/146272\/revisions\/146279"}],"wp:featuredmedia":[{"embeddable":true,"href":"https:\/\/revistaesperanzas.com\/web\/wp-json\/wp\/v2\/media\/146274"}],"wp:attachment":[{"href":"https:\/\/revistaesperanzas.com\/web\/wp-json\/wp\/v2\/media?parent=146272"}],"wp:term":[{"taxonomy":"category","embeddable":true,"href":"https:\/\/revistaesperanzas.com\/web\/wp-json\/wp\/v2\/categories?post=146272"},{"taxonomy":"post_tag","embeddable":true,"href":"https:\/\/revistaesperanzas.com\/web\/wp-json\/wp\/v2\/tags?post=146272"}],"curies":[{"name":"wp","href":"https:\/\/api.w.org\/{rel}","templated":true}]}}