{"id":146280,"date":"2026-03-08T20:49:45","date_gmt":"2026-03-08T23:49:45","guid":{"rendered":"https:\/\/revistaesperanzas.com\/web\/?p=146280"},"modified":"2026-03-08T20:49:45","modified_gmt":"2026-03-08T23:49:45","slug":"mujeres-que-impulsan","status":"publish","type":"post","link":"https:\/\/revistaesperanzas.com\/web\/2026\/03\/mujeres-que-impulsan\/","title":{"rendered":"MUJERES QUE IMPULSAN"},"content":{"rendered":"<p class=\"x_MsoNormal\">Lunes 9 de marzo en el Club Hurac\u00e1n<\/p>\n<p class=\"x_MsoNormal\">La actividad suspendida se reprogram\u00f3 para el lunes 9 de marzo desde las 18 horas, en el mismo escenario del Club Hurac\u00e1n.<\/p>\n<p class=\"x_MsoNormal\">Con el objetivo de conmemorar el D\u00eda Internacional de la Mujer, reconocer a aquellas mujeres emprendedoras, artesanas, l\u00edderes comunitarias, la Municipalidad de Goya, por medio de la Secretaria de Desarrollo Humano, desde la Direcci\u00f3n de Promoci\u00f3n Social, invita a encontrarse en ese \u00e1mbito para celebrar juntas esa fecha.<\/p>\n<p class=\"x_MsoNormal\">Bajo la consigna \u201cMujeres que Impulsan\u201d, donde expresan, cada Mujer lleva dentro una Historia de Esfuerzo y Superaci\u00f3n, se invita a participar del encuentro, este lunes 9 de marzo a las 18 horas, en los salones del Club Hurac\u00e1n.<\/p>\n","protected":false},"excerpt":{"rendered":"<p>Lunes 9 de marzo en el Club Hurac\u00e1n La actividad suspendida se reprogram\u00f3 para el lunes 9 de marzo desde las 18 horas, en el mismo escenario del Club Hurac\u00e1n. Con el objetivo de conmemorar el D\u00eda Internacional de la Mujer, reconocer a aquellas mujeres emprendedoras, artesanas, l\u00edderes comunitarias, la Municipalidad de Goya, por medio [&hellip;]<\/p>\n","protected":false},"author":4,"featured_media":146281,"comment_status":"closed","ping_status":"closed","sticky":false,"template":"","format":"standard","meta":{"footnotes":""},"categories":[45],"tags":[],"class_list":{"0":"post-146280","1":"post","2":"type-post","3":"status-publish","4":"format-standard","5":"has-post-thumbnail","7":"category-locales"},"_links":{"self":[{"href":"https:\/\/revistaesperanzas.com\/web\/wp-json\/wp\/v2\/posts\/146280","targetHints":{"allow":["GET"]}}],"collection":[{"href":"https:\/\/revistaesperanzas.com\/web\/wp-json\/wp\/v2\/posts"}],"about":[{"href":"https:\/\/revistaesperanzas.com\/web\/wp-json\/wp\/v2\/types\/post"}],"author":[{"embeddable":true,"href":"https:\/\/revistaesperanzas.com\/web\/wp-json\/wp\/v2\/users\/4"}],"replies":[{"embeddable":true,"href":"https:\/\/revistaesperanzas.com\/web\/wp-json\/wp\/v2\/comments?post=146280"}],"version-history":[{"count":1,"href":"https:\/\/revistaesperanzas.com\/web\/wp-json\/wp\/v2\/posts\/146280\/revisions"}],"predecessor-version":[{"id":146282,"href":"https:\/\/revistaesperanzas.com\/web\/wp-json\/wp\/v2\/posts\/146280\/revisions\/146282"}],"wp:featuredmedia":[{"embeddable":true,"href":"https:\/\/revistaesperanzas.com\/web\/wp-json\/wp\/v2\/media\/146281"}],"wp:attachment":[{"href":"https:\/\/revistaesperanzas.com\/web\/wp-json\/wp\/v2\/media?parent=146280"}],"wp:term":[{"taxonomy":"category","embeddable":true,"href":"https:\/\/revistaesperanzas.com\/web\/wp-json\/wp\/v2\/categories?post=146280"},{"taxonomy":"post_tag","embeddable":true,"href":"https:\/\/revistaesperanzas.com\/web\/wp-json\/wp\/v2\/tags?post=146280"}],"curies":[{"name":"wp","href":"https:\/\/api.w.org\/{rel}","templated":true}]}}