{"id":146283,"date":"2026-03-08T21:55:34","date_gmt":"2026-03-09T00:55:34","guid":{"rendered":"https:\/\/revistaesperanzas.com\/web\/?p=146283"},"modified":"2026-03-08T21:55:34","modified_gmt":"2026-03-09T00:55:34","slug":"emotiva-ceremonia-de-reconocimiento-a-la-profesora-susana-manzanares-y-habilitacion-muestra-ellas-crean-en-casa-de-la-cultura","status":"publish","type":"post","link":"https:\/\/revistaesperanzas.com\/web\/2026\/03\/emotiva-ceremonia-de-reconocimiento-a-la-profesora-susana-manzanares-y-habilitacion-muestra-ellas-crean-en-casa-de-la-cultura\/","title":{"rendered":"EMOTIVA CEREMONIA DE RECONOCIMIENTO A LA PROFESORA SUSANA MANZANARES Y HABILITACI\u00d3N MUESTRA \u201cELLAS CREAN\u201d EN CASA DE LA CULTURA"},"content":{"rendered":"<p class=\"x_MsoNormal\" data-olk-copy-source=\"MessageBody\">D\u00eda Internacional de la Mujer<\/p>\n<p class=\"x_MsoNormal\">EL VICEINTENDENTE SEBASTIAN MAZZARO ACOMPA\u00d1O LA VELADA EN VISPERAS DEL DIA DE LA MUJER<\/p>\n<p class=\"x_MsoNormal\">En un patio de las palmeras de Casa de la Cultura, colmado, fue el \u00e1mbito adecuado para el<a href=\"https:\/\/revistaesperanzas.com\/web\/2026\/03\/emotiva-ceremonia-de-reconocimiento-a-la-profesora-susana-manzanares-y-habilitacion-muestra-ellas-crean-en-casa-de-la-cultura\/reconocimiento-a-susana-manzanares-5-trova-municipal\/\" rel=\"attachment wp-att-146291\"><img loading=\"lazy\" decoding=\"async\" class=\" wp-image-146291 alignleft\" src=\"https:\/\/revistaesperanzas.com\/web\/wp-content\/uploads\/2026\/03\/reconocimiento-a-Susana-Manzanares-5-trova-municipal.jpg\" alt=\"\" width=\"400\" height=\"512\" srcset=\"https:\/\/revistaesperanzas.com\/web\/wp-content\/uploads\/2026\/03\/reconocimiento-a-Susana-Manzanares-5-trova-municipal.jpg 600w, https:\/\/revistaesperanzas.com\/web\/wp-content\/uploads\/2026\/03\/reconocimiento-a-Susana-Manzanares-5-trova-municipal-328x420.jpg 328w\" sizes=\"auto, (max-width: 400px) 100vw, 400px\" \/><\/a> reconocimiento por el invalorable aporte a la cultura y en especial a las artes pl\u00e1sticas de la ciudad a la Profesora Susana Manzanares, en el marco del D\u00eda Internacional de la Mujer que se conmemora cada 8 de marzo.<\/p>\n<p class=\"x_MsoNormal\">Vale mencionar que el mencionado reconocimiento se desarroll\u00f3 en la v\u00edspera de esa fecha, en la noche del s\u00e1bado<\/p>\n<p class=\"x_MsoNormal\">El Coordinador de Asuntos Culturales Manuel Zampar, reconoci\u00f3 que \u201cla decisi\u00f3n cuando hicimos la propuesta ha sido un\u00e1nime para este reconocimiento que en lo personal y colectivo nos llena de orgullo\u201d<a href=\"https:\/\/revistaesperanzas.com\/web\/2026\/03\/emotiva-ceremonia-de-reconocimiento-a-la-profesora-susana-manzanares-y-habilitacion-muestra-ellas-crean-en-casa-de-la-cultura\/reconocimiento-a-susana-manzanares-10-taller-selva-vera\/\" rel=\"attachment wp-att-146292\"><img loading=\"lazy\" decoding=\"async\" class=\" wp-image-146292 alignright\" src=\"https:\/\/revistaesperanzas.com\/web\/wp-content\/uploads\/2026\/03\/reconocimiento-a-Susana-Manzanares-10-taller-Selva-Vera.jpg\" alt=\"\" width=\"400\" height=\"429\" srcset=\"https:\/\/revistaesperanzas.com\/web\/wp-content\/uploads\/2026\/03\/reconocimiento-a-Susana-Manzanares-10-taller-Selva-Vera.jpg 600w, https:\/\/revistaesperanzas.com\/web\/wp-content\/uploads\/2026\/03\/reconocimiento-a-Susana-Manzanares-10-taller-Selva-Vera-391x420.jpg 391w\" sizes=\"auto, (max-width: 400px) 100vw, 400px\" \/><\/a><\/p>\n<p class=\"x_MsoNormal\">El Viceintendente Sebasti\u00e1n Mazzaro, por su parte adem\u00e1s de felicitar a la Profesora, considero que \u201ceste es el momento para realizar esta distinci\u00f3n, porque la tenemos con nosotros, es innegable su aporte, su dedicaci\u00f3n\u201d destacando su \u201clabor en favor de la cultura, del arte, sin dejar de recordar que es una de las impulsoras de un encuentro que hoy es toda una marca el \u201cPintemos Goya\u201d<\/p>\n<p class=\"x_MsoNormal\">Durante la velada del s\u00e1bado qued\u00f3 inaugurada la muestra de artistas<a href=\"https:\/\/revistaesperanzas.com\/web\/2026\/03\/emotiva-ceremonia-de-reconocimiento-a-la-profesora-susana-manzanares-y-habilitacion-muestra-ellas-crean-en-casa-de-la-cultura\/reconocimiento-a-susana-manzanares-9-regalo-de-la-emap\/\" rel=\"attachment wp-att-146293\"><img loading=\"lazy\" decoding=\"async\" class=\" wp-image-146293 alignleft\" src=\"https:\/\/revistaesperanzas.com\/web\/wp-content\/uploads\/2026\/03\/reconocimiento-a-Susana-Manzanares-9-regalo-de-la-EMAP.jpg\" alt=\"\" width=\"400\" height=\"500\" srcset=\"https:\/\/revistaesperanzas.com\/web\/wp-content\/uploads\/2026\/03\/reconocimiento-a-Susana-Manzanares-9-regalo-de-la-EMAP.jpg 600w, https:\/\/revistaesperanzas.com\/web\/wp-content\/uploads\/2026\/03\/reconocimiento-a-Susana-Manzanares-9-regalo-de-la-EMAP-336x420.jpg 336w\" sizes=\"auto, (max-width: 400px) 100vw, 400px\" \/><\/a> pl\u00e1sticas goyanas \u201cEllas Crean\u201d que se extiende la exposici\u00f3n en los salones de la Casa de la Cultura hasta el 14 del corriente mes.<\/p>\n<p class=\"x_MsoNormal\">Del acto de referencia participaron junto al Viceintendente Sebasti\u00e1n Mazzaro, el Coordinador de Asuntos Culturales Manuel Zampar, el Concejal Emanuel Blanco, los ex Directores de Cultura Abel Bernasconi y Carlos Ginochi, la Directora de la Escuela Municipal de Artes Pl\u00e1sticas Mariana M\u00e1spero, Federico Manzanares del equipo legal de la Municipalidad, personalidades del arte, la cultura, representantes de Asociaciones Culturales, Bibliotecas Populares y P\u00fablico en general.<\/p>\n<p class=\"x_MsoNormal\">La apertura de la velada estuvo a cargo de la Trova Municipal con una selecci\u00f3n de temas populares interpretados por Alejandro Fern\u00e1ndez, Rub\u00e9n Olmedo y Silvio Dom\u00ednguez.<\/p>\n<p class=\"x_MsoNormal\">MANUEL ZAMPAR<a href=\"https:\/\/revistaesperanzas.com\/web\/2026\/03\/emotiva-ceremonia-de-reconocimiento-a-la-profesora-susana-manzanares-y-habilitacion-muestra-ellas-crean-en-casa-de-la-cultura\/reconocimiento-a-susana-manzanares-6\/\" rel=\"attachment wp-att-146285\"><img loading=\"lazy\" decoding=\"async\" class=\" wp-image-146285 alignleft\" src=\"https:\/\/revistaesperanzas.com\/web\/wp-content\/uploads\/2026\/03\/reconocimiento-a-Susana-Manzanares-6.jpg\" alt=\"\" width=\"400\" height=\"638\" srcset=\"https:\/\/revistaesperanzas.com\/web\/wp-content\/uploads\/2026\/03\/reconocimiento-a-Susana-Manzanares-6.jpg 470w, https:\/\/revistaesperanzas.com\/web\/wp-content\/uploads\/2026\/03\/reconocimiento-a-Susana-Manzanares-6-263x420.jpg 263w\" sizes=\"auto, (max-width: 400px) 100vw, 400px\" \/><\/a><\/p>\n<p class=\"x_MsoNormal\">Tras el saludo a los funcionarios municipales presentes, concejal, artistas pl\u00e1sticas, el Coordinador de Asuntos Culturales, Manuel Zampar, destaco: \u201cCuando hemos planteado con el equipo el homenaje a la mujer, existi\u00f3 unanimidad en la decisi\u00f3n de este reconocimiento, al igual que el Secretario de Turismo, es un orgullo personal, de la Direcci\u00f3n de Cultura, reconocer toda la labor desplegada en pos de la cultura, como docente, como artista pl\u00e1stica, Susana (Manzanares), Felicitaciones, Muchas Gracias.\u201d<\/p>\n<p class=\"x_MsoNormal\">SEBASTIAN MAZZARO<\/p>\n<p class=\"x_MsoNormal\">El Viceintendente Sebasti\u00e1n Mazzaro, agradeci\u00f3 la invitaci\u00f3n para participar de la velada, y remarco: \u201ces bueno elegir este<a href=\"https:\/\/revistaesperanzas.com\/web\/2026\/03\/emotiva-ceremonia-de-reconocimiento-a-la-profesora-susana-manzanares-y-habilitacion-muestra-ellas-crean-en-casa-de-la-cultura\/reconocimiento-a-susana-manzanares-7\/\" rel=\"attachment wp-att-146286\"><img loading=\"lazy\" decoding=\"async\" class=\" wp-image-146286 alignright\" src=\"https:\/\/revistaesperanzas.com\/web\/wp-content\/uploads\/2026\/03\/reconocimiento-a-Susana-Manzanares-7.jpg\" alt=\"\" width=\"400\" height=\"500\" srcset=\"https:\/\/revistaesperanzas.com\/web\/wp-content\/uploads\/2026\/03\/reconocimiento-a-Susana-Manzanares-7.jpg 600w, https:\/\/revistaesperanzas.com\/web\/wp-content\/uploads\/2026\/03\/reconocimiento-a-Susana-Manzanares-7-336x420.jpg 336w\" sizes=\"auto, (max-width: 400px) 100vw, 400px\" \/><\/a> momento para reconocer a una mujer, gracias por su presencia, que le da el valor al reconocimiento, sin dudas, la educaci\u00f3n, cultura, el arte requiere de personas de una gran\u00a0 sensibilidad, de un talento, es lo que tiene Susana, lo que ha llevado a desarrollar su labor, sus tareas, no puedo dejar de recordar el tiempo en que el pa\u00eds viv\u00eda una situaci\u00f3n dif\u00edcil ,necesitaba de creatividad, en ese tiempo un Director de Cultura, que hoy nos acompa\u00f1a Abel Bernasconi, junto a Susana promovieron un encuentro que hoy es una marca de la ciudad, cambiando la visi\u00f3n de los hechos culturales, el Pintemos Goya, mi padre en la funci\u00f3n de Intendente, por eso traigo este recuerdo.<\/p>\n<p class=\"x_MsoNormal\">Susana, felicitaciones, merecido reconocimiento, en este d\u00eda, felicitaciones a todas las mujeres, que tengan un Feliz D\u00eda de la Mujer.\u201d<\/p>\n<p class=\"x_MsoNormal\">CARLOS GINOCCHI<\/p>\n<p class=\"x_MsoNormal\"><a href=\"https:\/\/revistaesperanzas.com\/web\/2026\/03\/emotiva-ceremonia-de-reconocimiento-a-la-profesora-susana-manzanares-y-habilitacion-muestra-ellas-crean-en-casa-de-la-cultura\/reconocimiento-a-susana-manzanares-8\/\" rel=\"attachment wp-att-146287\"><img loading=\"lazy\" decoding=\"async\" class=\" wp-image-146287 alignleft\" src=\"https:\/\/revistaesperanzas.com\/web\/wp-content\/uploads\/2026\/03\/reconocimiento-a-Susana-Manzanares-8.jpg\" alt=\"\" width=\"400\" height=\"500\" srcset=\"https:\/\/revistaesperanzas.com\/web\/wp-content\/uploads\/2026\/03\/reconocimiento-a-Susana-Manzanares-8.jpg 600w, https:\/\/revistaesperanzas.com\/web\/wp-content\/uploads\/2026\/03\/reconocimiento-a-Susana-Manzanares-8-336x420.jpg 336w\" sizes=\"auto, (max-width: 400px) 100vw, 400px\" \/><\/a>El Ex Director de Cultura Carlos Ginochi, se encarg\u00f3 de hacer una semblanza de la profesora, mencionado que durante su gesti\u00f3n: \u201cElla ha sido una de esas mujeres pilares para la actividad cultural art\u00edstica, es quien nos ayudaba a recordar cada acontecimiento, de cada fecha, sin dudas contribuy\u00f3 en ese tiempo a mejorar, a hacer crecer el Pintemos Goya, hecho que nos llev\u00f3 a cambiar la premiaci\u00f3n, a partir de all\u00ed se estableci\u00f3 la adquisici\u00f3n de las obras ganadoras, que hoy\u00a0 est\u00e1n en la Pinacoteca de Cultura, no quiero explayarme, pero era necesario poder subrayar estos rasgos de su labor, resaltando su humanidad, sus ganas y el deseo siempre de trabajar por la Paz, felicitaciones.\u201d<\/p>\n<p class=\"x_MsoNormal\">RECONOCIMIENTO<\/p>\n<p class=\"x_MsoNormal\">Tras las palabras se procedi\u00f3 a la entrega de los presentes destinados para la profesora<a href=\"https:\/\/revistaesperanzas.com\/web\/2026\/03\/emotiva-ceremonia-de-reconocimiento-a-la-profesora-susana-manzanares-y-habilitacion-muestra-ellas-crean-en-casa-de-la-cultura\/reconocimiento-a-susana-manzanares-3\/\" rel=\"attachment wp-att-146288\"><img loading=\"lazy\" decoding=\"async\" class=\" wp-image-146288 alignright\" src=\"https:\/\/revistaesperanzas.com\/web\/wp-content\/uploads\/2026\/03\/reconocimiento-a-Susana-Manzanares-3.jpg\" alt=\"\" width=\"400\" height=\"424\" srcset=\"https:\/\/revistaesperanzas.com\/web\/wp-content\/uploads\/2026\/03\/reconocimiento-a-Susana-Manzanares-3.jpg 600w, https:\/\/revistaesperanzas.com\/web\/wp-content\/uploads\/2026\/03\/reconocimiento-a-Susana-Manzanares-3-396x420.jpg 396w\" sizes=\"auto, (max-width: 400px) 100vw, 400px\" \/><\/a> Susana Manzanares, el Viceintendente entreg\u00f3 un Certificado donde queda testimoniado todos esos valores, por su parte el Coordinador de Asuntos Culturales, obsequi\u00f3 un ramo de flores.<\/p>\n<p class=\"x_MsoNormal\">La Secretaria de Educaci\u00f3n se hizo presente desde la Escuela Municipal de Artes Pl\u00e1sticas \u201cProfesor Justo Guti\u00e9rrez\u201d, con un presente, entregado por la Directora Mariana M\u00e1spero.<\/p>\n<p class=\"x_MsoNormal\">La velada se prolong\u00f3 con la presencia de artistas de los talleres<a href=\"https:\/\/revistaesperanzas.com\/web\/2026\/03\/emotiva-ceremonia-de-reconocimiento-a-la-profesora-susana-manzanares-y-habilitacion-muestra-ellas-crean-en-casa-de-la-cultura\/reconocimiento-a-susana-manzanares-4\/\" rel=\"attachment wp-att-146289\"><img loading=\"lazy\" decoding=\"async\" class=\" wp-image-146289 alignleft\" src=\"https:\/\/revistaesperanzas.com\/web\/wp-content\/uploads\/2026\/03\/reconocimiento-a-Susana-Manzanares-4.jpg\" alt=\"\" width=\"400\" height=\"454\" srcset=\"https:\/\/revistaesperanzas.com\/web\/wp-content\/uploads\/2026\/03\/reconocimiento-a-Susana-Manzanares-4.jpg 600w, https:\/\/revistaesperanzas.com\/web\/wp-content\/uploads\/2026\/03\/reconocimiento-a-Susana-Manzanares-4-370x420.jpg 370w\" sizes=\"auto, (max-width: 400px) 100vw, 400px\" \/><\/a> y de la Escuela Municipal de M\u00fasica.<\/p>\n<p class=\"x_MsoNormal\">Los participantes del Taller \u201cHerramientas para la interpretaci\u00f3n\u201d dictado por la profesora Selva Vera regalaron sus canciones en diferentes g\u00e9neros musicales, lo propio hizo la Escuela Municipal de m\u00fasica, con la ejecuci\u00f3n de diferentes instrumentos musicales, con la presencia de profesores y el Director de la escuela Lisandro Mart\u00ednez, al igual que el Taller de Cantos dirigido por la Profesora \u00c9rica Sosa, que regalaron en su tributo temas populares en<a href=\"https:\/\/revistaesperanzas.com\/web\/2026\/03\/emotiva-ceremonia-de-reconocimiento-a-la-profesora-susana-manzanares-y-habilitacion-muestra-ellas-crean-en-casa-de-la-cultura\/reconocimiento-a-susana-manzanares-11-escuela-de-musica\/\" rel=\"attachment wp-att-146290\"><img loading=\"lazy\" decoding=\"async\" class=\" wp-image-146290 alignright\" src=\"https:\/\/revistaesperanzas.com\/web\/wp-content\/uploads\/2026\/03\/reconocimiento-a-Susana-Manzanares-11-escuela-de-musica.jpg\" alt=\"\" width=\"400\" height=\"500\" srcset=\"https:\/\/revistaesperanzas.com\/web\/wp-content\/uploads\/2026\/03\/reconocimiento-a-Susana-Manzanares-11-escuela-de-musica.jpg 600w, https:\/\/revistaesperanzas.com\/web\/wp-content\/uploads\/2026\/03\/reconocimiento-a-Susana-Manzanares-11-escuela-de-musica-336x420.jpg 336w\" sizes=\"auto, (max-width: 400px) 100vw, 400px\" \/><\/a> diferentes ritmos.<\/p>\n<p class=\"x_MsoNormal\">Una noche especial, llena de emotividad y orgullo por el reconocimiento en la v\u00edspera del D\u00eda de la Mujer.<\/p>\n<p class=\"x_MsoNormal\">En la noche del s\u00e1bado, asimismo qued\u00f3 inaugurada la muestra \u201cEllas Crean\u201d<\/p>\n","protected":false},"excerpt":{"rendered":"<p>D\u00eda Internacional de la Mujer EL VICEINTENDENTE SEBASTIAN MAZZARO ACOMPA\u00d1O LA VELADA EN VISPERAS DEL DIA DE LA MUJER En un patio de las palmeras de Casa de la Cultura, colmado, fue el \u00e1mbito adecuado para el reconocimiento por el invalorable aporte a la cultura y en especial a las artes pl\u00e1sticas de la ciudad [&hellip;]<\/p>\n","protected":false},"author":4,"featured_media":146284,"comment_status":"closed","ping_status":"closed","sticky":false,"template":"","format":"standard","meta":{"footnotes":""},"categories":[45],"tags":[],"class_list":{"0":"post-146283","1":"post","2":"type-post","3":"status-publish","4":"format-standard","5":"has-post-thumbnail","7":"category-locales"},"_links":{"self":[{"href":"https:\/\/revistaesperanzas.com\/web\/wp-json\/wp\/v2\/posts\/146283","targetHints":{"allow":["GET"]}}],"collection":[{"href":"https:\/\/revistaesperanzas.com\/web\/wp-json\/wp\/v2\/posts"}],"about":[{"href":"https:\/\/revistaesperanzas.com\/web\/wp-json\/wp\/v2\/types\/post"}],"author":[{"embeddable":true,"href":"https:\/\/revistaesperanzas.com\/web\/wp-json\/wp\/v2\/users\/4"}],"replies":[{"embeddable":true,"href":"https:\/\/revistaesperanzas.com\/web\/wp-json\/wp\/v2\/comments?post=146283"}],"version-history":[{"count":2,"href":"https:\/\/revistaesperanzas.com\/web\/wp-json\/wp\/v2\/posts\/146283\/revisions"}],"predecessor-version":[{"id":146295,"href":"https:\/\/revistaesperanzas.com\/web\/wp-json\/wp\/v2\/posts\/146283\/revisions\/146295"}],"wp:featuredmedia":[{"embeddable":true,"href":"https:\/\/revistaesperanzas.com\/web\/wp-json\/wp\/v2\/media\/146284"}],"wp:attachment":[{"href":"https:\/\/revistaesperanzas.com\/web\/wp-json\/wp\/v2\/media?parent=146283"}],"wp:term":[{"taxonomy":"category","embeddable":true,"href":"https:\/\/revistaesperanzas.com\/web\/wp-json\/wp\/v2\/categories?post=146283"},{"taxonomy":"post_tag","embeddable":true,"href":"https:\/\/revistaesperanzas.com\/web\/wp-json\/wp\/v2\/tags?post=146283"}],"curies":[{"name":"wp","href":"https:\/\/api.w.org\/{rel}","templated":true}]}}