{"id":146300,"date":"2026-03-08T22:28:01","date_gmt":"2026-03-09T01:28:01","guid":{"rendered":"https:\/\/revistaesperanzas.com\/web\/?p=146300"},"modified":"2026-03-08T22:28:01","modified_gmt":"2026-03-09T01:28:01","slug":"para-todas-la-mujeres-en-este-dia-tan-especial","status":"publish","type":"post","link":"https:\/\/revistaesperanzas.com\/web\/2026\/03\/para-todas-la-mujeres-en-este-dia-tan-especial\/","title":{"rendered":"PARA TODAS LA MUJERES EN ESTE DIA TAN ESPECIAL."},"content":{"rendered":"<p><a href=\"https:\/\/revistaesperanzas.com\/web\/2026\/03\/para-todas-la-mujeres-en-este-dia-tan-especial\/feliz-dia-mujer\/\" rel=\"attachment wp-att-146302\"><img loading=\"lazy\" decoding=\"async\" class=\" wp-image-146302 alignleft\" src=\"https:\/\/revistaesperanzas.com\/web\/wp-content\/uploads\/2026\/03\/FELIZ-DIA-MUJER.jpg\" alt=\"\" width=\"484\" height=\"605\" srcset=\"https:\/\/revistaesperanzas.com\/web\/wp-content\/uploads\/2026\/03\/FELIZ-DIA-MUJER.jpg 600w, https:\/\/revistaesperanzas.com\/web\/wp-content\/uploads\/2026\/03\/FELIZ-DIA-MUJER-336x420.jpg 336w\" sizes=\"auto, (max-width: 484px) 100vw, 484px\" \/><\/a>Feliz D\u00eda de la Mujer<\/p>\n<p>queridas compa\u00f1eras y<\/p>\n<p>amigas!<\/p>\n<p>&nbsp;<\/p>\n<p>Militantes,<\/p>\n<p>luchadoras,valientes ,<\/p>\n<p>trabajadoras y<\/p>\n<p>comprometidas que se<\/p>\n<p>brindan por entero y con<\/p>\n<p>amor a la pol\u00edtica y por<\/p>\n<p>los m\u00e1s d\u00e9biles y<\/p>\n<p>vulnerables. Hoy y<\/p>\n<p>siempre lo mejor para ustedes!<\/p>\n","protected":false},"excerpt":{"rendered":"<p>Feliz D\u00eda de la Mujer queridas compa\u00f1eras y amigas! &nbsp; Militantes, luchadoras,valientes , trabajadoras y comprometidas que se brindan por entero y con amor a la pol\u00edtica y por los m\u00e1s d\u00e9biles y vulnerables. Hoy y siempre lo mejor para ustedes!<\/p>\n","protected":false},"author":4,"featured_media":146303,"comment_status":"closed","ping_status":"closed","sticky":false,"template":"","format":"standard","meta":{"footnotes":""},"categories":[1],"tags":[],"class_list":{"0":"post-146300","1":"post","2":"type-post","3":"status-publish","4":"format-standard","5":"has-post-thumbnail","7":"category-sin-categoria"},"_links":{"self":[{"href":"https:\/\/revistaesperanzas.com\/web\/wp-json\/wp\/v2\/posts\/146300","targetHints":{"allow":["GET"]}}],"collection":[{"href":"https:\/\/revistaesperanzas.com\/web\/wp-json\/wp\/v2\/posts"}],"about":[{"href":"https:\/\/revistaesperanzas.com\/web\/wp-json\/wp\/v2\/types\/post"}],"author":[{"embeddable":true,"href":"https:\/\/revistaesperanzas.com\/web\/wp-json\/wp\/v2\/users\/4"}],"replies":[{"embeddable":true,"href":"https:\/\/revistaesperanzas.com\/web\/wp-json\/wp\/v2\/comments?post=146300"}],"version-history":[{"count":2,"href":"https:\/\/revistaesperanzas.com\/web\/wp-json\/wp\/v2\/posts\/146300\/revisions"}],"predecessor-version":[{"id":146305,"href":"https:\/\/revistaesperanzas.com\/web\/wp-json\/wp\/v2\/posts\/146300\/revisions\/146305"}],"wp:featuredmedia":[{"embeddable":true,"href":"https:\/\/revistaesperanzas.com\/web\/wp-json\/wp\/v2\/media\/146303"}],"wp:attachment":[{"href":"https:\/\/revistaesperanzas.com\/web\/wp-json\/wp\/v2\/media?parent=146300"}],"wp:term":[{"taxonomy":"category","embeddable":true,"href":"https:\/\/revistaesperanzas.com\/web\/wp-json\/wp\/v2\/categories?post=146300"},{"taxonomy":"post_tag","embeddable":true,"href":"https:\/\/revistaesperanzas.com\/web\/wp-json\/wp\/v2\/tags?post=146300"}],"curies":[{"name":"wp","href":"https:\/\/api.w.org\/{rel}","templated":true}]}}