{"id":146332,"date":"2026-03-09T11:27:38","date_gmt":"2026-03-09T14:27:38","guid":{"rendered":"https:\/\/revistaesperanzas.com\/web\/?p=146332"},"modified":"2026-03-09T11:27:38","modified_gmt":"2026-03-09T14:27:38","slug":"mecheras-en-supermercado-de-paso-paso-de-la-patria","status":"publish","type":"post","link":"https:\/\/revistaesperanzas.com\/web\/2026\/03\/mecheras-en-supermercado-de-paso-paso-de-la-patria\/","title":{"rendered":"MECHERAS EN SUPERMERCADO DE PASO PASO DE LA PATRIA"},"content":{"rendered":"<p>PASO DE LA PATRIA\u00a0 &#8211;\u00a0 La Policia demoro a dos mujeres que aparentemente habr\u00edan intentado sustraer mercader\u00edas de un supermercado<\/p>\n<p>Efectivos policiales dependientes de la Comisar\u00eda de Distrito Primera de Paso de la Patria, en horas de la tarde de ayer 08-03-26, tras tomar conocimiento de un hecho delictivo, demoro a dos mujeres que aparentemente habr\u00edan intentado sustraer mercader\u00edas de un supermercado.<\/p>\n<p>El procedimiento lo concretaron tras recepcionar un llamado telef\u00f3nico realizado por personal de un supermercado, quienes alertaron sobre la presencia de dos mujeres que habr\u00edan intentado sustraer mercader\u00edas del local comercial, por lo que ante esta situaci\u00f3n, los uniformados se constituyeron al lugar, donde procedieron a la identificaci\u00f3n y demora de dos mujeres de 30 y 37 a\u00f1os de edad.<\/p>\n<p>Posteriormente, ambas mujeres fueron trasladadas hasta la dependencia policial, siendo puestas a disposici\u00f3n de la unidad fiscal en turno, adem\u00e1s continu\u00e1ndose con las diligencias de rigor.<\/p>\n","protected":false},"excerpt":{"rendered":"<p>PASO DE LA PATRIA\u00a0 &#8211;\u00a0 La Policia demoro a dos mujeres que aparentemente habr\u00edan intentado sustraer mercader\u00edas de un supermercado Efectivos policiales dependientes de la Comisar\u00eda de Distrito Primera de Paso de la Patria, en horas de la tarde de ayer 08-03-26, tras tomar conocimiento de un hecho delictivo, demoro a dos mujeres que aparentemente [&hellip;]<\/p>\n","protected":false},"author":4,"featured_media":146334,"comment_status":"closed","ping_status":"closed","sticky":false,"template":"","format":"standard","meta":{"footnotes":""},"categories":[58],"tags":[],"class_list":{"0":"post-146332","1":"post","2":"type-post","3":"status-publish","4":"format-standard","5":"has-post-thumbnail","7":"category-corrientes"},"_links":{"self":[{"href":"https:\/\/revistaesperanzas.com\/web\/wp-json\/wp\/v2\/posts\/146332","targetHints":{"allow":["GET"]}}],"collection":[{"href":"https:\/\/revistaesperanzas.com\/web\/wp-json\/wp\/v2\/posts"}],"about":[{"href":"https:\/\/revistaesperanzas.com\/web\/wp-json\/wp\/v2\/types\/post"}],"author":[{"embeddable":true,"href":"https:\/\/revistaesperanzas.com\/web\/wp-json\/wp\/v2\/users\/4"}],"replies":[{"embeddable":true,"href":"https:\/\/revistaesperanzas.com\/web\/wp-json\/wp\/v2\/comments?post=146332"}],"version-history":[{"count":1,"href":"https:\/\/revistaesperanzas.com\/web\/wp-json\/wp\/v2\/posts\/146332\/revisions"}],"predecessor-version":[{"id":146335,"href":"https:\/\/revistaesperanzas.com\/web\/wp-json\/wp\/v2\/posts\/146332\/revisions\/146335"}],"wp:featuredmedia":[{"embeddable":true,"href":"https:\/\/revistaesperanzas.com\/web\/wp-json\/wp\/v2\/media\/146334"}],"wp:attachment":[{"href":"https:\/\/revistaesperanzas.com\/web\/wp-json\/wp\/v2\/media?parent=146332"}],"wp:term":[{"taxonomy":"category","embeddable":true,"href":"https:\/\/revistaesperanzas.com\/web\/wp-json\/wp\/v2\/categories?post=146332"},{"taxonomy":"post_tag","embeddable":true,"href":"https:\/\/revistaesperanzas.com\/web\/wp-json\/wp\/v2\/tags?post=146332"}],"curies":[{"name":"wp","href":"https:\/\/api.w.org\/{rel}","templated":true}]}}