{"id":146336,"date":"2026-03-09T11:30:48","date_gmt":"2026-03-09T14:30:48","guid":{"rendered":"https:\/\/revistaesperanzas.com\/web\/?p=146336"},"modified":"2026-03-09T11:30:48","modified_gmt":"2026-03-09T14:30:48","slug":"resumen-de-fin-de-semana-sabado-07-y-domingo-08-area-capital","status":"publish","type":"post","link":"https:\/\/revistaesperanzas.com\/web\/2026\/03\/resumen-de-fin-de-semana-sabado-07-y-domingo-08-area-capital\/","title":{"rendered":"RESUMEN DE FIN DE SEMANA SABADO 07 Y DOMINGO 08 AREA CAPITAL"},"content":{"rendered":"<p>DESTACAMENTO SAN MARCOS\u00a0 &#8211;\u00a0 Dos personas fueron demoradas por merodeo<\/p>\n<p>En la madrugada DEL 06-03-26, efectivos policiales dependientes del Destacamento San Marcos, momentos en que realizaban recorridas de prevenci\u00f3n por inmediaciones de Avenida La Paz y Viedma, observaron a una persona merodeando y visualizando detenidamente el interior de los domicilios, ocasionando intranquilidad a vecinos de la zona.<\/p>\n<p>Por ello, a modo de prevenci\u00f3n, los uniformados precedieron a la identificaci\u00f3n y posterior demora del mismo, trat\u00e1ndose de un mayor de 26 a\u00f1os de edad, quien no supo justificar su permanenc\u00eda.<\/p>\n<p>El demorado, fue trasladado hasta la comisaria S\u00e9ptima por razones de jurisdicci\u00f3n.<\/p>\n<p>&nbsp;<\/p>\n<p>&nbsp;<\/p>\n","protected":false},"excerpt":{"rendered":"<p>DESTACAMENTO SAN MARCOS\u00a0 &#8211;\u00a0 Dos personas fueron demoradas por merodeo En la madrugada DEL 06-03-26, efectivos policiales dependientes del Destacamento San Marcos, momentos en que realizaban recorridas de prevenci\u00f3n por inmediaciones de Avenida La Paz y Viedma, observaron a una persona merodeando y visualizando detenidamente el interior de los domicilios, ocasionando intranquilidad a vecinos de [&hellip;]<\/p>\n","protected":false},"author":4,"featured_media":146337,"comment_status":"closed","ping_status":"closed","sticky":false,"template":"","format":"standard","meta":{"footnotes":""},"categories":[58],"tags":[],"class_list":{"0":"post-146336","1":"post","2":"type-post","3":"status-publish","4":"format-standard","5":"has-post-thumbnail","7":"category-corrientes"},"_links":{"self":[{"href":"https:\/\/revistaesperanzas.com\/web\/wp-json\/wp\/v2\/posts\/146336","targetHints":{"allow":["GET"]}}],"collection":[{"href":"https:\/\/revistaesperanzas.com\/web\/wp-json\/wp\/v2\/posts"}],"about":[{"href":"https:\/\/revistaesperanzas.com\/web\/wp-json\/wp\/v2\/types\/post"}],"author":[{"embeddable":true,"href":"https:\/\/revistaesperanzas.com\/web\/wp-json\/wp\/v2\/users\/4"}],"replies":[{"embeddable":true,"href":"https:\/\/revistaesperanzas.com\/web\/wp-json\/wp\/v2\/comments?post=146336"}],"version-history":[{"count":1,"href":"https:\/\/revistaesperanzas.com\/web\/wp-json\/wp\/v2\/posts\/146336\/revisions"}],"predecessor-version":[{"id":146338,"href":"https:\/\/revistaesperanzas.com\/web\/wp-json\/wp\/v2\/posts\/146336\/revisions\/146338"}],"wp:featuredmedia":[{"embeddable":true,"href":"https:\/\/revistaesperanzas.com\/web\/wp-json\/wp\/v2\/media\/146337"}],"wp:attachment":[{"href":"https:\/\/revistaesperanzas.com\/web\/wp-json\/wp\/v2\/media?parent=146336"}],"wp:term":[{"taxonomy":"category","embeddable":true,"href":"https:\/\/revistaesperanzas.com\/web\/wp-json\/wp\/v2\/categories?post=146336"},{"taxonomy":"post_tag","embeddable":true,"href":"https:\/\/revistaesperanzas.com\/web\/wp-json\/wp\/v2\/tags?post=146336"}],"curies":[{"name":"wp","href":"https:\/\/api.w.org\/{rel}","templated":true}]}}