{"id":146342,"date":"2026-03-09T11:34:55","date_gmt":"2026-03-09T14:34:55","guid":{"rendered":"https:\/\/revistaesperanzas.com\/web\/?p=146342"},"modified":"2026-03-09T11:34:55","modified_gmt":"2026-03-09T14:34:55","slug":"destacamento-san-marcos","status":"publish","type":"post","link":"https:\/\/revistaesperanzas.com\/web\/2026\/03\/destacamento-san-marcos\/","title":{"rendered":"DESTACAMENTO SAN MARCOS"},"content":{"rendered":"<p>La Polic\u00eda demor\u00f3 a dos j\u00f3venes que se encontraban merodeando<\/p>\n<p>En horas de la madrugada DEL 07-03-26, efectivos policiales de la patrulla jurisdiccional \u2013 destacamento San Marcos, en momentos en que realizaban sus labores de prevenci\u00f3n, demoraron a dos sujetos que se encontraban merodeando.<\/p>\n<p>El procedimiento lo realizaron, cerca de las 01.30horas, cuando en inmediaciones de calle Bonastre y Rio Negro, divisan a dos j\u00f3venes que se encontraban observando el interior de los domicilios y veh\u00edculos estacionados, quienes tras ser identificados resultaron ser de 17 y 20 a\u00f1os de edad, los cuales no pudieron justificar su accionar ni presencia en el lugar.<\/p>\n<p>Los demorados fueron trasladados a la Comisar\u00eda s\u00e9ptima urbana, a fin de proseguir con los tramites del caso.<\/p>\n","protected":false},"excerpt":{"rendered":"<p>La Polic\u00eda demor\u00f3 a dos j\u00f3venes que se encontraban merodeando En horas de la madrugada DEL 07-03-26, efectivos policiales de la patrulla jurisdiccional \u2013 destacamento San Marcos, en momentos en que realizaban sus labores de prevenci\u00f3n, demoraron a dos sujetos que se encontraban merodeando. El procedimiento lo realizaron, cerca de las 01.30horas, cuando en inmediaciones [&hellip;]<\/p>\n","protected":false},"author":4,"featured_media":146343,"comment_status":"closed","ping_status":"closed","sticky":false,"template":"","format":"standard","meta":{"footnotes":""},"categories":[58],"tags":[],"class_list":{"0":"post-146342","1":"post","2":"type-post","3":"status-publish","4":"format-standard","5":"has-post-thumbnail","7":"category-corrientes"},"_links":{"self":[{"href":"https:\/\/revistaesperanzas.com\/web\/wp-json\/wp\/v2\/posts\/146342","targetHints":{"allow":["GET"]}}],"collection":[{"href":"https:\/\/revistaesperanzas.com\/web\/wp-json\/wp\/v2\/posts"}],"about":[{"href":"https:\/\/revistaesperanzas.com\/web\/wp-json\/wp\/v2\/types\/post"}],"author":[{"embeddable":true,"href":"https:\/\/revistaesperanzas.com\/web\/wp-json\/wp\/v2\/users\/4"}],"replies":[{"embeddable":true,"href":"https:\/\/revistaesperanzas.com\/web\/wp-json\/wp\/v2\/comments?post=146342"}],"version-history":[{"count":1,"href":"https:\/\/revistaesperanzas.com\/web\/wp-json\/wp\/v2\/posts\/146342\/revisions"}],"predecessor-version":[{"id":146344,"href":"https:\/\/revistaesperanzas.com\/web\/wp-json\/wp\/v2\/posts\/146342\/revisions\/146344"}],"wp:featuredmedia":[{"embeddable":true,"href":"https:\/\/revistaesperanzas.com\/web\/wp-json\/wp\/v2\/media\/146343"}],"wp:attachment":[{"href":"https:\/\/revistaesperanzas.com\/web\/wp-json\/wp\/v2\/media?parent=146342"}],"wp:term":[{"taxonomy":"category","embeddable":true,"href":"https:\/\/revistaesperanzas.com\/web\/wp-json\/wp\/v2\/categories?post=146342"},{"taxonomy":"post_tag","embeddable":true,"href":"https:\/\/revistaesperanzas.com\/web\/wp-json\/wp\/v2\/tags?post=146342"}],"curies":[{"name":"wp","href":"https:\/\/api.w.org\/{rel}","templated":true}]}}