{"id":146346,"date":"2026-03-09T11:38:47","date_gmt":"2026-03-09T14:38:47","guid":{"rendered":"https:\/\/revistaesperanzas.com\/web\/?p=146346"},"modified":"2026-03-09T11:38:47","modified_gmt":"2026-03-09T14:38:47","slug":"rapido-accionar-policial","status":"publish","type":"post","link":"https:\/\/revistaesperanzas.com\/web\/2026\/03\/rapido-accionar-policial\/","title":{"rendered":"RAPIDO ACCIONAR POLICIAL"},"content":{"rendered":"<p>La Polic\u00eda demoro a un menor y secuestran dinero en efectivo presuntamente vinculado a un il\u00edcito en una farmacia<\/p>\n<p>Efectivos policiales de la patrulla jurisdiccional- Destacamento San Marcos en un r\u00e1pido y eficaz accionar, demoraron a un menor de edad de 17 a\u00f1os de edad y secuestraron dinero en efectivo y otros elementos, en el marco de un hecho delictivo ocurrido recientemente en una farmacia de esta ciudad.<\/p>\n<p>El procedimiento se llev\u00f3 a cabo en la madrugada DEL 07-03-26, alrededor de las 03:30 horas, cuando personal policial que realizaba recorridas en prevenci\u00f3n fueron alertados por el Sistema Integral de Seguridad 911 sobre un sujeto que habr\u00eda ingresado a sustraer dinero en efectivo de una farmacia ubicada por Av. 3 de Abril, aport\u00e1ndose adem\u00e1s caracter\u00edsticas f\u00edsicas y que se movilizar\u00eda en una bicicleta tipo GT rodado 20.<\/p>\n<p>Ante ello, los uniformados realizaron recorridas por la zona, logrando en inmediaciones de calles Merceditas de San Mart\u00edn y Pasaje 160 localizar a un joven con caracter\u00edsticas coincidentes, quien se desplazaba en una bicicleta de similares caracter\u00edsticas. Por tal motivo se procedi\u00f3 a su demora preventiva y al secuestro del rodado.<\/p>\n<p>En ese marco, hallaron entre sus pertenencias que transportaba, una bolsa de consorcio que conten\u00eda $181.910 en efectivo, un billete extranjero y seis paquetes de jab\u00f3n de tocador de distintas marcas, elementos que en principio guardar\u00edan relaci\u00f3n con el hecho investigado.<\/p>\n<p>El menor junto a lo secuestrado fueron puestos a disposici\u00f3n de la autoridad fiscal en turno, siendo trasladado a la Comisar\u00eda Primera por razones de jurisdicci\u00f3n, a fin de continuar con las diligencias de rigor que corresponden.<\/p>\n","protected":false},"excerpt":{"rendered":"<p>La Polic\u00eda demoro a un menor y secuestran dinero en efectivo presuntamente vinculado a un il\u00edcito en una farmacia Efectivos policiales de la patrulla jurisdiccional- Destacamento San Marcos en un r\u00e1pido y eficaz accionar, demoraron a un menor de edad de 17 a\u00f1os de edad y secuestraron dinero en efectivo y otros elementos, en el [&hellip;]<\/p>\n","protected":false},"author":4,"featured_media":146348,"comment_status":"closed","ping_status":"closed","sticky":false,"template":"","format":"standard","meta":{"footnotes":""},"categories":[58],"tags":[],"class_list":{"0":"post-146346","1":"post","2":"type-post","3":"status-publish","4":"format-standard","5":"has-post-thumbnail","7":"category-corrientes"},"_links":{"self":[{"href":"https:\/\/revistaesperanzas.com\/web\/wp-json\/wp\/v2\/posts\/146346","targetHints":{"allow":["GET"]}}],"collection":[{"href":"https:\/\/revistaesperanzas.com\/web\/wp-json\/wp\/v2\/posts"}],"about":[{"href":"https:\/\/revistaesperanzas.com\/web\/wp-json\/wp\/v2\/types\/post"}],"author":[{"embeddable":true,"href":"https:\/\/revistaesperanzas.com\/web\/wp-json\/wp\/v2\/users\/4"}],"replies":[{"embeddable":true,"href":"https:\/\/revistaesperanzas.com\/web\/wp-json\/wp\/v2\/comments?post=146346"}],"version-history":[{"count":2,"href":"https:\/\/revistaesperanzas.com\/web\/wp-json\/wp\/v2\/posts\/146346\/revisions"}],"predecessor-version":[{"id":146349,"href":"https:\/\/revistaesperanzas.com\/web\/wp-json\/wp\/v2\/posts\/146346\/revisions\/146349"}],"wp:featuredmedia":[{"embeddable":true,"href":"https:\/\/revistaesperanzas.com\/web\/wp-json\/wp\/v2\/media\/146348"}],"wp:attachment":[{"href":"https:\/\/revistaesperanzas.com\/web\/wp-json\/wp\/v2\/media?parent=146346"}],"wp:term":[{"taxonomy":"category","embeddable":true,"href":"https:\/\/revistaesperanzas.com\/web\/wp-json\/wp\/v2\/categories?post=146346"},{"taxonomy":"post_tag","embeddable":true,"href":"https:\/\/revistaesperanzas.com\/web\/wp-json\/wp\/v2\/tags?post=146346"}],"curies":[{"name":"wp","href":"https:\/\/api.w.org\/{rel}","templated":true}]}}