{"id":146350,"date":"2026-03-09T11:40:30","date_gmt":"2026-03-09T14:40:30","guid":{"rendered":"https:\/\/revistaesperanzas.com\/web\/?p=146350"},"modified":"2026-03-09T11:40:30","modified_gmt":"2026-03-09T14:40:30","slug":"tras-labores-investigativas","status":"publish","type":"post","link":"https:\/\/revistaesperanzas.com\/web\/2026\/03\/tras-labores-investigativas\/","title":{"rendered":"TRAS LABORES INVESTIGATIVAS"},"content":{"rendered":"<p>La Polic\u00eda diligenci\u00f3 ordenes de allanamientos, por un hecho delictivo, secuestraron prendas que habr\u00edan sido utilizadas en el hecho y demoran a una mujer.<\/p>\n<p>En horas de la ma\u00f1ana DEL 07-03-26, efectivos policiales de la Comisar\u00eda cuarta urbana, en colaboraci\u00f3n con la unidad fiscal interviniente, el marco de una investigaci\u00f3n iniciada en una causa por un supuesto hurto, diligenciaron allanamientos en distintos domicilios del Barrio San Marcos, logrando el secuestro de elementos de inter\u00e9s para la causa y la demora de una mujer.<\/p>\n<p>Los distintos trabajos de investigaci\u00f3n lo realizaron en relaci\u00f3n a la causa iniciada tras la denuncia radicada por un ciudadano, luego de la sustracci\u00f3n de cosas de un local comercial ubicado por calle San Lorenzo de esta ciudad. A partir de las tareas investigativas, que incluyeron el an\u00e1lisis de im\u00e1genes f\u00edlmicas, lograron identificar y establecer posibles domicilios vinculados a los presuntos autores del hecho.<\/p>\n<p>Tal es as\u00ed, que en la ma\u00f1ana de hoy, se diligenci\u00f3 las ordenes de allanamientos, en domicilios ubicados en el citado barrio, para lo cual contaron con la valiosa colaboraci\u00f3n de personal de la Divisi\u00f3n Antiarrebatos, Polic\u00eda de Alto Riesgo -P.A.R.-, personal del Destacamento San Marcos.<\/p>\n<p>Como resultado de los allanamientos se procedi\u00f3 al secuestro de diversas prendas de vestir que habr\u00edan sido utilizadas al momento de cometer el il\u00edcito, entre ellas pantalones, camisas y zapatillas de distintas marcas. Asimismo, procedieron a la demora de una mujer mayor de edad.<\/p>\n<p>La mujer demorada junto a lo secuestrado fue puestos a disposici\u00f3n de la autoridad fiscal interviniente, en tanto, en la citada comisar\u00eda se prosigue con los tramites que corresponden.<\/p>\n","protected":false},"excerpt":{"rendered":"<p>La Polic\u00eda diligenci\u00f3 ordenes de allanamientos, por un hecho delictivo, secuestraron prendas que habr\u00edan sido utilizadas en el hecho y demoran a una mujer. En horas de la ma\u00f1ana DEL 07-03-26, efectivos policiales de la Comisar\u00eda cuarta urbana, en colaboraci\u00f3n con la unidad fiscal interviniente, el marco de una investigaci\u00f3n iniciada en una causa por [&hellip;]<\/p>\n","protected":false},"author":4,"featured_media":146351,"comment_status":"closed","ping_status":"closed","sticky":false,"template":"","format":"standard","meta":{"footnotes":""},"categories":[58],"tags":[],"class_list":{"0":"post-146350","1":"post","2":"type-post","3":"status-publish","4":"format-standard","5":"has-post-thumbnail","7":"category-corrientes"},"_links":{"self":[{"href":"https:\/\/revistaesperanzas.com\/web\/wp-json\/wp\/v2\/posts\/146350","targetHints":{"allow":["GET"]}}],"collection":[{"href":"https:\/\/revistaesperanzas.com\/web\/wp-json\/wp\/v2\/posts"}],"about":[{"href":"https:\/\/revistaesperanzas.com\/web\/wp-json\/wp\/v2\/types\/post"}],"author":[{"embeddable":true,"href":"https:\/\/revistaesperanzas.com\/web\/wp-json\/wp\/v2\/users\/4"}],"replies":[{"embeddable":true,"href":"https:\/\/revistaesperanzas.com\/web\/wp-json\/wp\/v2\/comments?post=146350"}],"version-history":[{"count":1,"href":"https:\/\/revistaesperanzas.com\/web\/wp-json\/wp\/v2\/posts\/146350\/revisions"}],"predecessor-version":[{"id":146352,"href":"https:\/\/revistaesperanzas.com\/web\/wp-json\/wp\/v2\/posts\/146350\/revisions\/146352"}],"wp:featuredmedia":[{"embeddable":true,"href":"https:\/\/revistaesperanzas.com\/web\/wp-json\/wp\/v2\/media\/146351"}],"wp:attachment":[{"href":"https:\/\/revistaesperanzas.com\/web\/wp-json\/wp\/v2\/media?parent=146350"}],"wp:term":[{"taxonomy":"category","embeddable":true,"href":"https:\/\/revistaesperanzas.com\/web\/wp-json\/wp\/v2\/categories?post=146350"},{"taxonomy":"post_tag","embeddable":true,"href":"https:\/\/revistaesperanzas.com\/web\/wp-json\/wp\/v2\/tags?post=146350"}],"curies":[{"name":"wp","href":"https:\/\/api.w.org\/{rel}","templated":true}]}}