{"id":146353,"date":"2026-03-09T11:42:27","date_gmt":"2026-03-09T14:42:27","guid":{"rendered":"https:\/\/revistaesperanzas.com\/web\/?p=146353"},"modified":"2026-03-09T11:42:27","modified_gmt":"2026-03-09T14:42:27","slug":"unidad-especial-anti-arrebato","status":"publish","type":"post","link":"https:\/\/revistaesperanzas.com\/web\/2026\/03\/unidad-especial-anti-arrebato\/","title":{"rendered":"UNIDAD ESPECIAL ANTI ARREBATO"},"content":{"rendered":"<p>La Polic\u00eda detuvo a dos personas, en el marco de una investigaci\u00f3n por presunta comercializaci\u00f3n de estupefacientes<\/p>\n<p>En la jornada DEL 07-03-26, efectivos policiales de la Unidad Especial Antiarrebatos, en colaboraci\u00f3n con la unidad fiscal interviniente, en el marco de una investigaci\u00f3n judicial vinculada a la presunta comercializaci\u00f3n de estupefacientes, concretaron dos detenciones en distintos procedimientos.<\/p>\n<p>Los distintos trabajos de investigaci\u00f3n desplegados con intervenci\u00f3n del Juzgado de Garant\u00edas N\u00b0 2 de Corrientes, posibilito primeramente alrededor de las 12:30 horas, cuando personal policial procedi\u00f3 a la detenci\u00f3n de un hombre de 29 a\u00f1os de edad, en inmediaciones de calles Lifschitz entre Lombardero y M. Gonz\u00e1lez.<\/p>\n<p>De manera simult\u00e1nea y en el marco de un trabajo coordinado con efectivos de la Comisar\u00eda de Riachuelo, tambi\u00e9n concretaron la detenci\u00f3n de otro hombre de 30 a\u00f1os, conocido con el alias \u201cChuy\u201d, quien se hallar\u00eda presuntamente vinculado al hecho que se investiga.<\/p>\n<p>Los demorados fueron puestos a disposici\u00f3n de la autoridad fiscal interviniente, quienes en principio estar\u00edan sindicados como presuntos autores en la comercializaci\u00f3n de estupefacientes, siendo trasladados a la citada dependencia policial, donde se prosigue con los tramites que corresponden.<\/p>\n","protected":false},"excerpt":{"rendered":"<p>La Polic\u00eda detuvo a dos personas, en el marco de una investigaci\u00f3n por presunta comercializaci\u00f3n de estupefacientes En la jornada DEL 07-03-26, efectivos policiales de la Unidad Especial Antiarrebatos, en colaboraci\u00f3n con la unidad fiscal interviniente, en el marco de una investigaci\u00f3n judicial vinculada a la presunta comercializaci\u00f3n de estupefacientes, concretaron dos detenciones en distintos [&hellip;]<\/p>\n","protected":false},"author":4,"featured_media":146354,"comment_status":"closed","ping_status":"closed","sticky":false,"template":"","format":"standard","meta":{"footnotes":""},"categories":[58],"tags":[],"class_list":{"0":"post-146353","1":"post","2":"type-post","3":"status-publish","4":"format-standard","5":"has-post-thumbnail","7":"category-corrientes"},"_links":{"self":[{"href":"https:\/\/revistaesperanzas.com\/web\/wp-json\/wp\/v2\/posts\/146353","targetHints":{"allow":["GET"]}}],"collection":[{"href":"https:\/\/revistaesperanzas.com\/web\/wp-json\/wp\/v2\/posts"}],"about":[{"href":"https:\/\/revistaesperanzas.com\/web\/wp-json\/wp\/v2\/types\/post"}],"author":[{"embeddable":true,"href":"https:\/\/revistaesperanzas.com\/web\/wp-json\/wp\/v2\/users\/4"}],"replies":[{"embeddable":true,"href":"https:\/\/revistaesperanzas.com\/web\/wp-json\/wp\/v2\/comments?post=146353"}],"version-history":[{"count":1,"href":"https:\/\/revistaesperanzas.com\/web\/wp-json\/wp\/v2\/posts\/146353\/revisions"}],"predecessor-version":[{"id":146355,"href":"https:\/\/revistaesperanzas.com\/web\/wp-json\/wp\/v2\/posts\/146353\/revisions\/146355"}],"wp:featuredmedia":[{"embeddable":true,"href":"https:\/\/revistaesperanzas.com\/web\/wp-json\/wp\/v2\/media\/146354"}],"wp:attachment":[{"href":"https:\/\/revistaesperanzas.com\/web\/wp-json\/wp\/v2\/media?parent=146353"}],"wp:term":[{"taxonomy":"category","embeddable":true,"href":"https:\/\/revistaesperanzas.com\/web\/wp-json\/wp\/v2\/categories?post=146353"},{"taxonomy":"post_tag","embeddable":true,"href":"https:\/\/revistaesperanzas.com\/web\/wp-json\/wp\/v2\/tags?post=146353"}],"curies":[{"name":"wp","href":"https:\/\/api.w.org\/{rel}","templated":true}]}}