{"id":146356,"date":"2026-03-09T11:46:25","date_gmt":"2026-03-09T14:46:25","guid":{"rendered":"https:\/\/revistaesperanzas.com\/web\/?p=146356"},"modified":"2026-03-09T11:46:25","modified_gmt":"2026-03-09T14:46:25","slug":"por-robar-un-celular","status":"publish","type":"post","link":"https:\/\/revistaesperanzas.com\/web\/2026\/03\/por-robar-un-celular\/","title":{"rendered":"POR ROBAR UN CELULAR . . ."},"content":{"rendered":"<p>RAPIDO ACCIONAR\u00a0 &#8211;\u00a0 La Polic\u00eda demor\u00f3 a un hombre y recuperaron un tel\u00e9fono celular<\/p>\n<p>En la tarde DEL 07-03-26, efectivos policiales de la Comisar\u00eda S\u00e9ptima urbana demoraron a un hombre y recuperaron un tel\u00e9fono celular que habr\u00eda sido sustra\u00eddo momentos antes de un domicilio de esta ciudad.<\/p>\n<p>El procedimiento se llev\u00f3 a cabo, alrededor de las 19:00 horas, cuando personal policial acudi\u00f3 a la intersecci\u00f3n de calles Curuz\u00fa Cuati\u00e1 y Nuestra Se\u00f1ora de Asunci\u00f3n, donde procedieron a la demora de un hombre de 35 a\u00f1os de edad, quien presuntamente minutos antes habr\u00eda sustra\u00eddo un tel\u00e9fono celular -marca Motorola E20-, desde una vivienda ubicada por avenida Santa Catalina y Versalles.<\/p>\n<p>Cabe mencionar que, al arribar a inmediaciones del domicilio, esta persona habr\u00eda intentado escapar, siendo igualmente demorado a pocas cuadras del lugar, hallando entre sus pertenencias el tel\u00e9fono celular sustra\u00eddo.<\/p>\n<p>El joven junto al tel\u00e9fono recuperado fue puesto a disposici\u00f3n de la autoridad fiscal en turno, en tanto, en la citada dependencia se prosigue con los tramites que corresponde.<\/p>\n","protected":false},"excerpt":{"rendered":"<p>RAPIDO ACCIONAR\u00a0 &#8211;\u00a0 La Polic\u00eda demor\u00f3 a un hombre y recuperaron un tel\u00e9fono celular En la tarde DEL 07-03-26, efectivos policiales de la Comisar\u00eda S\u00e9ptima urbana demoraron a un hombre y recuperaron un tel\u00e9fono celular que habr\u00eda sido sustra\u00eddo momentos antes de un domicilio de esta ciudad. El procedimiento se llev\u00f3 a cabo, alrededor de [&hellip;]<\/p>\n","protected":false},"author":4,"featured_media":146357,"comment_status":"closed","ping_status":"closed","sticky":false,"template":"","format":"standard","meta":{"footnotes":""},"categories":[58],"tags":[],"class_list":{"0":"post-146356","1":"post","2":"type-post","3":"status-publish","4":"format-standard","5":"has-post-thumbnail","7":"category-corrientes"},"_links":{"self":[{"href":"https:\/\/revistaesperanzas.com\/web\/wp-json\/wp\/v2\/posts\/146356","targetHints":{"allow":["GET"]}}],"collection":[{"href":"https:\/\/revistaesperanzas.com\/web\/wp-json\/wp\/v2\/posts"}],"about":[{"href":"https:\/\/revistaesperanzas.com\/web\/wp-json\/wp\/v2\/types\/post"}],"author":[{"embeddable":true,"href":"https:\/\/revistaesperanzas.com\/web\/wp-json\/wp\/v2\/users\/4"}],"replies":[{"embeddable":true,"href":"https:\/\/revistaesperanzas.com\/web\/wp-json\/wp\/v2\/comments?post=146356"}],"version-history":[{"count":1,"href":"https:\/\/revistaesperanzas.com\/web\/wp-json\/wp\/v2\/posts\/146356\/revisions"}],"predecessor-version":[{"id":146358,"href":"https:\/\/revistaesperanzas.com\/web\/wp-json\/wp\/v2\/posts\/146356\/revisions\/146358"}],"wp:featuredmedia":[{"embeddable":true,"href":"https:\/\/revistaesperanzas.com\/web\/wp-json\/wp\/v2\/media\/146357"}],"wp:attachment":[{"href":"https:\/\/revistaesperanzas.com\/web\/wp-json\/wp\/v2\/media?parent=146356"}],"wp:term":[{"taxonomy":"category","embeddable":true,"href":"https:\/\/revistaesperanzas.com\/web\/wp-json\/wp\/v2\/categories?post=146356"},{"taxonomy":"post_tag","embeddable":true,"href":"https:\/\/revistaesperanzas.com\/web\/wp-json\/wp\/v2\/tags?post=146356"}],"curies":[{"name":"wp","href":"https:\/\/api.w.org\/{rel}","templated":true}]}}