{"id":146359,"date":"2026-03-09T11:48:04","date_gmt":"2026-03-09T14:48:04","guid":{"rendered":"https:\/\/revistaesperanzas.com\/web\/?p=146359"},"modified":"2026-03-09T11:48:04","modified_gmt":"2026-03-09T14:48:04","slug":"y-el-queria-tener-uno","status":"publish","type":"post","link":"https:\/\/revistaesperanzas.com\/web\/2026\/03\/y-el-queria-tener-uno\/","title":{"rendered":"Y &#8230;. \u00c9L QUER\u00cdA TENER UNO"},"content":{"rendered":"<p>DESTACAMENTO SAN MARCOS\u00a0 &#8211; Demoran a dos hombres y secuestran un cuchillo<\/p>\n<p>EL 07-03-26, efectivos policiales de la patrulla jurisdiccional &#8211; Destacamento San Marcos durante tareas de prevenci\u00f3n realizadas en la v\u00eda p\u00fablica demoraron a dos j\u00f3venes y secuestraron un arma blanca.<\/p>\n<p>El procedimiento se concret\u00f3, cuando personal policial que se encontraba de recorrida, al llegar a inmediaciones de calles R\u00edo Limay y Malvinas Argentinas, cuando observaron a dos sujetos que se encontraban merodeando la zona y generando intranquilidad entre los vecinos.<\/p>\n<p>Ante esta situaci\u00f3n, los uniformados procedieron a la demora preventiva de ambos individuos, quienes fueron identificados, resultando ser dos j\u00f3venes de 29 y 27 a\u00f1os, asimismo, durante el procedimiento procedieron al secuestro de un cuchillo.<\/p>\n<p>Los demorados y lo secuestrad fueron trasladados a la Comisar\u00eda s\u00e9ptima urbana, donde se prosigue con los tramites que corresponde.<\/p>\n","protected":false},"excerpt":{"rendered":"<p>DESTACAMENTO SAN MARCOS\u00a0 &#8211; Demoran a dos hombres y secuestran un cuchillo EL 07-03-26, efectivos policiales de la patrulla jurisdiccional &#8211; Destacamento San Marcos durante tareas de prevenci\u00f3n realizadas en la v\u00eda p\u00fablica demoraron a dos j\u00f3venes y secuestraron un arma blanca. El procedimiento se concret\u00f3, cuando personal policial que se encontraba de recorrida, al [&hellip;]<\/p>\n","protected":false},"author":4,"featured_media":146360,"comment_status":"closed","ping_status":"closed","sticky":false,"template":"","format":"standard","meta":{"footnotes":""},"categories":[58],"tags":[],"class_list":{"0":"post-146359","1":"post","2":"type-post","3":"status-publish","4":"format-standard","5":"has-post-thumbnail","7":"category-corrientes"},"_links":{"self":[{"href":"https:\/\/revistaesperanzas.com\/web\/wp-json\/wp\/v2\/posts\/146359","targetHints":{"allow":["GET"]}}],"collection":[{"href":"https:\/\/revistaesperanzas.com\/web\/wp-json\/wp\/v2\/posts"}],"about":[{"href":"https:\/\/revistaesperanzas.com\/web\/wp-json\/wp\/v2\/types\/post"}],"author":[{"embeddable":true,"href":"https:\/\/revistaesperanzas.com\/web\/wp-json\/wp\/v2\/users\/4"}],"replies":[{"embeddable":true,"href":"https:\/\/revistaesperanzas.com\/web\/wp-json\/wp\/v2\/comments?post=146359"}],"version-history":[{"count":1,"href":"https:\/\/revistaesperanzas.com\/web\/wp-json\/wp\/v2\/posts\/146359\/revisions"}],"predecessor-version":[{"id":146361,"href":"https:\/\/revistaesperanzas.com\/web\/wp-json\/wp\/v2\/posts\/146359\/revisions\/146361"}],"wp:featuredmedia":[{"embeddable":true,"href":"https:\/\/revistaesperanzas.com\/web\/wp-json\/wp\/v2\/media\/146360"}],"wp:attachment":[{"href":"https:\/\/revistaesperanzas.com\/web\/wp-json\/wp\/v2\/media?parent=146359"}],"wp:term":[{"taxonomy":"category","embeddable":true,"href":"https:\/\/revistaesperanzas.com\/web\/wp-json\/wp\/v2\/categories?post=146359"},{"taxonomy":"post_tag","embeddable":true,"href":"https:\/\/revistaesperanzas.com\/web\/wp-json\/wp\/v2\/tags?post=146359"}],"curies":[{"name":"wp","href":"https:\/\/api.w.org\/{rel}","templated":true}]}}