{"id":146362,"date":"2026-03-09T11:49:29","date_gmt":"2026-03-09T14:49:29","guid":{"rendered":"https:\/\/revistaesperanzas.com\/web\/?p=146362"},"modified":"2026-03-09T11:49:29","modified_gmt":"2026-03-09T14:49:29","slug":"destacamento-san-marcos-2","status":"publish","type":"post","link":"https:\/\/revistaesperanzas.com\/web\/2026\/03\/destacamento-san-marcos-2\/","title":{"rendered":"DESTACAMENTO SAN MARCOS"},"content":{"rendered":"<p>La Polic\u00eda demor\u00f3 a dos sujetos que se encontraban promoviendo desorden en la v\u00eda p\u00fablica<\/p>\n<p>En horas de la madrugada DEL 08-03-26, cerca de las 04.00horas, personal de la patrulla jurisdiccional &#8211; Destacamento San Marcos, demor\u00f3 a dos sujetos que se encontraban promoviendo desorden en la v\u00eda p\u00fablica.<\/p>\n<p>El procedimiento lo realizaron en la intersecci\u00f3n de Avenida Maip\u00fa y calle Valpara\u00edso, cuando observaron a dos sujetos promoviendo desorden en la v\u00eda p\u00fablica, quienes se encontraban gritando e insultando a transe\u00fantes, con aparentes intenciones de iniciar una ri\u00f1a. Al proceder a su identificaci\u00f3n, ambos -mayores de edad- no contaban con documentaci\u00f3n que acreditara su identidad y tampoco supieron justificar su accionar con respuestas coherentes, encontr\u00e1ndose aparentemente bajo los efectos del alcohol.<\/p>\n<p>Por tal motivo, fueron demorados y trasladados a la comisar\u00eda jurisdiccional, donde se contin\u00faan con los tr\u00e1mites contravencionales correspondientes.<\/p>\n","protected":false},"excerpt":{"rendered":"<p>La Polic\u00eda demor\u00f3 a dos sujetos que se encontraban promoviendo desorden en la v\u00eda p\u00fablica En horas de la madrugada DEL 08-03-26, cerca de las 04.00horas, personal de la patrulla jurisdiccional &#8211; Destacamento San Marcos, demor\u00f3 a dos sujetos que se encontraban promoviendo desorden en la v\u00eda p\u00fablica. El procedimiento lo realizaron en la intersecci\u00f3n [&hellip;]<\/p>\n","protected":false},"author":4,"featured_media":146363,"comment_status":"closed","ping_status":"closed","sticky":false,"template":"","format":"standard","meta":{"footnotes":""},"categories":[58],"tags":[],"class_list":{"0":"post-146362","1":"post","2":"type-post","3":"status-publish","4":"format-standard","5":"has-post-thumbnail","7":"category-corrientes"},"_links":{"self":[{"href":"https:\/\/revistaesperanzas.com\/web\/wp-json\/wp\/v2\/posts\/146362","targetHints":{"allow":["GET"]}}],"collection":[{"href":"https:\/\/revistaesperanzas.com\/web\/wp-json\/wp\/v2\/posts"}],"about":[{"href":"https:\/\/revistaesperanzas.com\/web\/wp-json\/wp\/v2\/types\/post"}],"author":[{"embeddable":true,"href":"https:\/\/revistaesperanzas.com\/web\/wp-json\/wp\/v2\/users\/4"}],"replies":[{"embeddable":true,"href":"https:\/\/revistaesperanzas.com\/web\/wp-json\/wp\/v2\/comments?post=146362"}],"version-history":[{"count":1,"href":"https:\/\/revistaesperanzas.com\/web\/wp-json\/wp\/v2\/posts\/146362\/revisions"}],"predecessor-version":[{"id":146364,"href":"https:\/\/revistaesperanzas.com\/web\/wp-json\/wp\/v2\/posts\/146362\/revisions\/146364"}],"wp:featuredmedia":[{"embeddable":true,"href":"https:\/\/revistaesperanzas.com\/web\/wp-json\/wp\/v2\/media\/146363"}],"wp:attachment":[{"href":"https:\/\/revistaesperanzas.com\/web\/wp-json\/wp\/v2\/media?parent=146362"}],"wp:term":[{"taxonomy":"category","embeddable":true,"href":"https:\/\/revistaesperanzas.com\/web\/wp-json\/wp\/v2\/categories?post=146362"},{"taxonomy":"post_tag","embeddable":true,"href":"https:\/\/revistaesperanzas.com\/web\/wp-json\/wp\/v2\/tags?post=146362"}],"curies":[{"name":"wp","href":"https:\/\/api.w.org\/{rel}","templated":true}]}}