{"id":146365,"date":"2026-03-09T11:51:01","date_gmt":"2026-03-09T14:51:01","guid":{"rendered":"https:\/\/revistaesperanzas.com\/web\/?p=146365"},"modified":"2026-03-09T11:51:01","modified_gmt":"2026-03-09T14:51:01","slug":"en-tareas-de-prevencion","status":"publish","type":"post","link":"https:\/\/revistaesperanzas.com\/web\/2026\/03\/en-tareas-de-prevencion\/","title":{"rendered":"EN TAREAS DE PREVENCION"},"content":{"rendered":"<p>La Polic\u00eda demoro a un sujeto a bordo de una motocicleta por conducci\u00f3n peligrosa<br \/>\nEn horas de la madrugada DEL 08-03-26, efectivos policiales de la patrulla jurisdiccional &#8211; Destacamento San Marcos en momentos en que se encontraba realizando recorridas de prevenci\u00f3n, en un procedimiento llevado a cabo en la intersecci\u00f3n de Av. Cuarto Centenario y Av. Teniente Ib\u00e1\u00f1ez, demoraron a un sujeto a bordo de una motocicleta por conducci\u00f3n peligrosa.<\/p>\n<p>El procedimiento lo realizaorn cuando observaron a un sujeto que se desplazaba a bordo de una motocicleta -marca Zanella ZB 110 cc, realizando maniobras peligrosas, poniendo en riesgo su integridad f\u00edsica y la de terceros. Ante esta situaci\u00f3n, se inici\u00f3 un seguimiento controlado, logrando interceptar al conductor metros m\u00e1s adelante.<\/p>\n<p>Al momento de proceder a su identificaci\u00f3n, el mismo no contaba con documentaci\u00f3n personal ni del rodado, por lo que fue demorado y trasladado a la comisar\u00eda jurisdiccional, a fin de continuar con las diligencias correspondientes.<\/p>\n","protected":false},"excerpt":{"rendered":"<p>La Polic\u00eda demoro a un sujeto a bordo de una motocicleta por conducci\u00f3n peligrosa En horas de la madrugada DEL 08-03-26, efectivos policiales de la patrulla jurisdiccional &#8211; Destacamento San Marcos en momentos en que se encontraba realizando recorridas de prevenci\u00f3n, en un procedimiento llevado a cabo en la intersecci\u00f3n de Av. Cuarto Centenario y [&hellip;]<\/p>\n","protected":false},"author":4,"featured_media":146366,"comment_status":"closed","ping_status":"closed","sticky":false,"template":"","format":"standard","meta":{"footnotes":""},"categories":[58],"tags":[],"class_list":{"0":"post-146365","1":"post","2":"type-post","3":"status-publish","4":"format-standard","5":"has-post-thumbnail","7":"category-corrientes"},"_links":{"self":[{"href":"https:\/\/revistaesperanzas.com\/web\/wp-json\/wp\/v2\/posts\/146365","targetHints":{"allow":["GET"]}}],"collection":[{"href":"https:\/\/revistaesperanzas.com\/web\/wp-json\/wp\/v2\/posts"}],"about":[{"href":"https:\/\/revistaesperanzas.com\/web\/wp-json\/wp\/v2\/types\/post"}],"author":[{"embeddable":true,"href":"https:\/\/revistaesperanzas.com\/web\/wp-json\/wp\/v2\/users\/4"}],"replies":[{"embeddable":true,"href":"https:\/\/revistaesperanzas.com\/web\/wp-json\/wp\/v2\/comments?post=146365"}],"version-history":[{"count":1,"href":"https:\/\/revistaesperanzas.com\/web\/wp-json\/wp\/v2\/posts\/146365\/revisions"}],"predecessor-version":[{"id":146367,"href":"https:\/\/revistaesperanzas.com\/web\/wp-json\/wp\/v2\/posts\/146365\/revisions\/146367"}],"wp:featuredmedia":[{"embeddable":true,"href":"https:\/\/revistaesperanzas.com\/web\/wp-json\/wp\/v2\/media\/146366"}],"wp:attachment":[{"href":"https:\/\/revistaesperanzas.com\/web\/wp-json\/wp\/v2\/media?parent=146365"}],"wp:term":[{"taxonomy":"category","embeddable":true,"href":"https:\/\/revistaesperanzas.com\/web\/wp-json\/wp\/v2\/categories?post=146365"},{"taxonomy":"post_tag","embeddable":true,"href":"https:\/\/revistaesperanzas.com\/web\/wp-json\/wp\/v2\/tags?post=146365"}],"curies":[{"name":"wp","href":"https:\/\/api.w.org\/{rel}","templated":true}]}}