{"id":146368,"date":"2026-03-09T11:56:15","date_gmt":"2026-03-09T14:56:15","guid":{"rendered":"https:\/\/revistaesperanzas.com\/web\/?p=146368"},"modified":"2026-03-09T11:56:15","modified_gmt":"2026-03-09T14:56:15","slug":"una-bici-y-un-mono-p-no-sabia-por-cual-decidirse","status":"publish","type":"post","link":"https:\/\/revistaesperanzas.com\/web\/2026\/03\/una-bici-y-un-mono-p-no-sabia-por-cual-decidirse\/","title":{"rendered":"UNA BICI Y UN MONO P&#8230; , NO SAB\u00cdA POR CUAL DECIDIRSE"},"content":{"rendered":"<p>EFICAZ ACCIONAR\u00a0 &#8211;\u00a0 La Polic\u00eda en diferentes procedimientos recuper\u00f3 un monopat\u00edn y una bicicleta de alta gama<\/p>\n<p>En la jornada DEL 07-03-26, efectivos policiales de la Comisar\u00eda d\u00e9cimo segunda urbana, en distintos procedimientos realizados, lograron el recupero de un monopat\u00edn el\u00e9ctrico y una bicicleta de alta gama que hab\u00edan sido sustra\u00eddos. <a href=\"https:\/\/revistaesperanzas.com\/web\/2026\/03\/una-bici-y-un-mono-p-no-sabia-por-cual-decidirse\/whatsapp-image-2026-03-09-at-09-13-07\/\" rel=\"attachment wp-att-146370\"><img loading=\"lazy\" decoding=\"async\" class=\" wp-image-146370 alignright\" src=\"https:\/\/revistaesperanzas.com\/web\/wp-content\/uploads\/2026\/03\/WhatsApp-Image-2026-03-09-at-09.13.07.jpeg\" alt=\"\" width=\"350\" height=\"357\" srcset=\"https:\/\/revistaesperanzas.com\/web\/wp-content\/uploads\/2026\/03\/WhatsApp-Image-2026-03-09-at-09.13.07.jpeg 600w, https:\/\/revistaesperanzas.com\/web\/wp-content\/uploads\/2026\/03\/WhatsApp-Image-2026-03-09-at-09.13.07-412x420.jpeg 412w, https:\/\/revistaesperanzas.com\/web\/wp-content\/uploads\/2026\/03\/WhatsApp-Image-2026-03-09-at-09.13.07-356x364.jpeg 356w\" sizes=\"auto, (max-width: 350px) 100vw, 350px\" \/><\/a><\/p>\n<p>El primer procedimiento tuvo lugar en horas de la tarde, cuando efectivos policiales fueron alertados a trav\u00e9s de un grupo vecinal de WhatsApp sobre la sustracci\u00f3n de un monopat\u00edn el\u00e9ctrico desde un domicilio ubicado en inmediaciones de calles Pizarro y Alberdi. Ante esta situaci\u00f3n, se solicit\u00f3 colaboraci\u00f3n a m\u00f3viles cercanos y a personal del Grupo de Intervenci\u00f3n R\u00e1pidas (G.I.R.), logrando localizar y recuperar el rodado en pasillos del asentamiento Alberdi. Posteriormente, y por disposici\u00f3n de la Fiscal en turno, el elemento fue restituido a su propietario.<\/p>\n<p>Por otra parte, en la madrugada, alrededor de las 01:30 horas, personal de la divisi\u00f3n investigaciones, en colaboraci\u00f3n de sus pares de la Comisar\u00eda Primera de Capital, llev\u00f3 adelante tareas investigativas que permitieron localizar y secuestrar una bicicleta -rodado 29, marca SLP-, la cual hab\u00eda sido sustra\u00edda d\u00edas atr\u00e1s en jurisdicci\u00f3n de dicha dependencia.<\/p>\n<p>El rodado recuperado fue remitido a dicha Comisar\u00eda, donde se contin\u00faan con los tr\u00e1mites y diligencias de rigor.<\/p>\n","protected":false},"excerpt":{"rendered":"<p>EFICAZ ACCIONAR\u00a0 &#8211;\u00a0 La Polic\u00eda en diferentes procedimientos recuper\u00f3 un monopat\u00edn y una bicicleta de alta gama En la jornada DEL 07-03-26, efectivos policiales de la Comisar\u00eda d\u00e9cimo segunda urbana, en distintos procedimientos realizados, lograron el recupero de un monopat\u00edn el\u00e9ctrico y una bicicleta de alta gama que hab\u00edan sido sustra\u00eddos. El primer procedimiento tuvo [&hellip;]<\/p>\n","protected":false},"author":4,"featured_media":146369,"comment_status":"closed","ping_status":"closed","sticky":false,"template":"","format":"standard","meta":{"footnotes":""},"categories":[58],"tags":[],"class_list":{"0":"post-146368","1":"post","2":"type-post","3":"status-publish","4":"format-standard","5":"has-post-thumbnail","7":"category-corrientes"},"_links":{"self":[{"href":"https:\/\/revistaesperanzas.com\/web\/wp-json\/wp\/v2\/posts\/146368","targetHints":{"allow":["GET"]}}],"collection":[{"href":"https:\/\/revistaesperanzas.com\/web\/wp-json\/wp\/v2\/posts"}],"about":[{"href":"https:\/\/revistaesperanzas.com\/web\/wp-json\/wp\/v2\/types\/post"}],"author":[{"embeddable":true,"href":"https:\/\/revistaesperanzas.com\/web\/wp-json\/wp\/v2\/users\/4"}],"replies":[{"embeddable":true,"href":"https:\/\/revistaesperanzas.com\/web\/wp-json\/wp\/v2\/comments?post=146368"}],"version-history":[{"count":2,"href":"https:\/\/revistaesperanzas.com\/web\/wp-json\/wp\/v2\/posts\/146368\/revisions"}],"predecessor-version":[{"id":146372,"href":"https:\/\/revistaesperanzas.com\/web\/wp-json\/wp\/v2\/posts\/146368\/revisions\/146372"}],"wp:featuredmedia":[{"embeddable":true,"href":"https:\/\/revistaesperanzas.com\/web\/wp-json\/wp\/v2\/media\/146369"}],"wp:attachment":[{"href":"https:\/\/revistaesperanzas.com\/web\/wp-json\/wp\/v2\/media?parent=146368"}],"wp:term":[{"taxonomy":"category","embeddable":true,"href":"https:\/\/revistaesperanzas.com\/web\/wp-json\/wp\/v2\/categories?post=146368"},{"taxonomy":"post_tag","embeddable":true,"href":"https:\/\/revistaesperanzas.com\/web\/wp-json\/wp\/v2\/tags?post=146368"}],"curies":[{"name":"wp","href":"https:\/\/api.w.org\/{rel}","templated":true}]}}