{"id":146373,"date":"2026-03-09T11:57:26","date_gmt":"2026-03-09T14:57:26","guid":{"rendered":"https:\/\/revistaesperanzas.com\/web\/?p=146373"},"modified":"2026-03-09T11:58:04","modified_gmt":"2026-03-09T14:58:04","slug":"146373","status":"publish","type":"post","link":"https:\/\/revistaesperanzas.com\/web\/2026\/03\/146373\/","title":{"rendered":"LA ENCONTR\u00d3 EN SU CAMINO Y &#8230;"},"content":{"rendered":"<p>BARRIO SAN MARCOS\u00a0 &#8211;\u00a0 La Polic\u00eda recuper\u00f3 una bicicleta sustra\u00edda minutos antes<\/p>\n<p>En horas de la tarde DEL 07-03-26, efectivos policiales de la Comisar\u00eda s\u00e9ptima urbana, en un r\u00e1pido y oportuno accionar, cuando encontr\u00e1ndose realizando recorridas de prevenci\u00f3n por Avenida Maip\u00fa, recuperaron una bicicleta sustra\u00edda hace instantes.<\/p>\n<p>En la oportunidad, los efectivos observaron a un grupo de j\u00f3venes corriendo detr\u00e1s de un sujeto, aparentemente menor de edad, quien se desplazaba a bordo de una bicicleta tipo mountain bike. Los mismos alertaron al personal policial que el rodado hab\u00eda sido sustra\u00eddo instantes antes.<\/p>\n<p>Ante esta situaci\u00f3n, se inici\u00f3 un seguimiento preventivo, momento en que el presunto autor, al advertir la presencia policial, arroj\u00f3 la bicicleta en la v\u00eda p\u00fablica y emprendi\u00f3 la fuga a pie, intern\u00e1ndose por los pasillos del barrio San Marcos, donde finalmente se lo perdi\u00f3 de vista, en ese marco procedieron al secuestro de una bicicleta -marca Ghepard, rodado 29-.<\/p>\n<p>La bicicleta recuperada fue trasladado a la citada dependencia policial donde se prosigue con los tramites que corresponden.<\/p>\n","protected":false},"excerpt":{"rendered":"<p>BARRIO SAN MARCOS\u00a0 &#8211;\u00a0 La Polic\u00eda recuper\u00f3 una bicicleta sustra\u00edda minutos antes En horas de la tarde DEL 07-03-26, efectivos policiales de la Comisar\u00eda s\u00e9ptima urbana, en un r\u00e1pido y oportuno accionar, cuando encontr\u00e1ndose realizando recorridas de prevenci\u00f3n por Avenida Maip\u00fa, recuperaron una bicicleta sustra\u00edda hace instantes. En la oportunidad, los efectivos observaron a un [&hellip;]<\/p>\n","protected":false},"author":4,"featured_media":146374,"comment_status":"closed","ping_status":"closed","sticky":false,"template":"","format":"standard","meta":{"footnotes":""},"categories":[58],"tags":[],"class_list":{"0":"post-146373","1":"post","2":"type-post","3":"status-publish","4":"format-standard","5":"has-post-thumbnail","7":"category-corrientes"},"_links":{"self":[{"href":"https:\/\/revistaesperanzas.com\/web\/wp-json\/wp\/v2\/posts\/146373","targetHints":{"allow":["GET"]}}],"collection":[{"href":"https:\/\/revistaesperanzas.com\/web\/wp-json\/wp\/v2\/posts"}],"about":[{"href":"https:\/\/revistaesperanzas.com\/web\/wp-json\/wp\/v2\/types\/post"}],"author":[{"embeddable":true,"href":"https:\/\/revistaesperanzas.com\/web\/wp-json\/wp\/v2\/users\/4"}],"replies":[{"embeddable":true,"href":"https:\/\/revistaesperanzas.com\/web\/wp-json\/wp\/v2\/comments?post=146373"}],"version-history":[{"count":2,"href":"https:\/\/revistaesperanzas.com\/web\/wp-json\/wp\/v2\/posts\/146373\/revisions"}],"predecessor-version":[{"id":146376,"href":"https:\/\/revistaesperanzas.com\/web\/wp-json\/wp\/v2\/posts\/146373\/revisions\/146376"}],"wp:featuredmedia":[{"embeddable":true,"href":"https:\/\/revistaesperanzas.com\/web\/wp-json\/wp\/v2\/media\/146374"}],"wp:attachment":[{"href":"https:\/\/revistaesperanzas.com\/web\/wp-json\/wp\/v2\/media?parent=146373"}],"wp:term":[{"taxonomy":"category","embeddable":true,"href":"https:\/\/revistaesperanzas.com\/web\/wp-json\/wp\/v2\/categories?post=146373"},{"taxonomy":"post_tag","embeddable":true,"href":"https:\/\/revistaesperanzas.com\/web\/wp-json\/wp\/v2\/tags?post=146373"}],"curies":[{"name":"wp","href":"https:\/\/api.w.org\/{rel}","templated":true}]}}