{"id":146377,"date":"2026-03-09T12:01:39","date_gmt":"2026-03-09T15:01:39","guid":{"rendered":"https:\/\/revistaesperanzas.com\/web\/?p=146377"},"modified":"2026-03-09T12:01:39","modified_gmt":"2026-03-09T15:01:39","slug":"area-interior-goya-cayo-el-mono","status":"publish","type":"post","link":"https:\/\/revistaesperanzas.com\/web\/2026\/03\/area-interior-goya-cayo-el-mono\/","title":{"rendered":"AREA INTERIOR GOYA: CAY\u00d3 EL MONO"},"content":{"rendered":"<p>Demoran a un hombre y secuestran elementos cuya procedencia se investiga<\/p>\n<p>En la madrugada de ayer, efectivos policiales de la Comisar\u00eda distrito Sexta de Goya demoraron a un hombre y secuestraron diversos elementos cuya procedencia no pudo ser acreditada fehacientemente.<\/p>\n<p>El procedimiento se concret\u00f3, cuando el personal policial realizaba recorridas preventivas por la jurisdicci\u00f3n y, al circular por inmediaciones del Puerto Boca, divisaron a un sujeto identificado con el alias \u201cMono\u201d -mayor de edad-, quien al advertir la presencia policial arroj\u00f3 hacia un terreno bald\u00edo un tubo de gas y un ventilador de pie, intentando posteriormente huir r\u00e1pidamente.<\/p>\n<p>Ante esta situaci\u00f3n, el mismo fue demorado a pocos metros del lugar, procedi\u00e9ndose adem\u00e1s al secuestro preventivo de los elementos mencionados, ya que el ciudadano no pudo justificar fehacientemente su procedencia.<\/p>\n<p>Cabe se\u00f1alar que hasta el momento no se ha podido establecer la propiedad ni procedencia de los objetos secuestrados, por lo que se contin\u00faan con las diligencias de rigor a fin de determinar su origen y localizar a un posible damnificado.<\/p>\n","protected":false},"excerpt":{"rendered":"<p>Demoran a un hombre y secuestran elementos cuya procedencia se investiga En la madrugada de ayer, efectivos policiales de la Comisar\u00eda distrito Sexta de Goya demoraron a un hombre y secuestraron diversos elementos cuya procedencia no pudo ser acreditada fehacientemente. El procedimiento se concret\u00f3, cuando el personal policial realizaba recorridas preventivas por la jurisdicci\u00f3n y, [&hellip;]<\/p>\n","protected":false},"author":4,"featured_media":146378,"comment_status":"closed","ping_status":"closed","sticky":false,"template":"","format":"standard","meta":{"footnotes":""},"categories":[58],"tags":[],"class_list":{"0":"post-146377","1":"post","2":"type-post","3":"status-publish","4":"format-standard","5":"has-post-thumbnail","7":"category-corrientes"},"_links":{"self":[{"href":"https:\/\/revistaesperanzas.com\/web\/wp-json\/wp\/v2\/posts\/146377","targetHints":{"allow":["GET"]}}],"collection":[{"href":"https:\/\/revistaesperanzas.com\/web\/wp-json\/wp\/v2\/posts"}],"about":[{"href":"https:\/\/revistaesperanzas.com\/web\/wp-json\/wp\/v2\/types\/post"}],"author":[{"embeddable":true,"href":"https:\/\/revistaesperanzas.com\/web\/wp-json\/wp\/v2\/users\/4"}],"replies":[{"embeddable":true,"href":"https:\/\/revistaesperanzas.com\/web\/wp-json\/wp\/v2\/comments?post=146377"}],"version-history":[{"count":1,"href":"https:\/\/revistaesperanzas.com\/web\/wp-json\/wp\/v2\/posts\/146377\/revisions"}],"predecessor-version":[{"id":146379,"href":"https:\/\/revistaesperanzas.com\/web\/wp-json\/wp\/v2\/posts\/146377\/revisions\/146379"}],"wp:featuredmedia":[{"embeddable":true,"href":"https:\/\/revistaesperanzas.com\/web\/wp-json\/wp\/v2\/media\/146378"}],"wp:attachment":[{"href":"https:\/\/revistaesperanzas.com\/web\/wp-json\/wp\/v2\/media?parent=146377"}],"wp:term":[{"taxonomy":"category","embeddable":true,"href":"https:\/\/revistaesperanzas.com\/web\/wp-json\/wp\/v2\/categories?post=146377"},{"taxonomy":"post_tag","embeddable":true,"href":"https:\/\/revistaesperanzas.com\/web\/wp-json\/wp\/v2\/tags?post=146377"}],"curies":[{"name":"wp","href":"https:\/\/api.w.org\/{rel}","templated":true}]}}