{"id":146380,"date":"2026-03-09T12:03:09","date_gmt":"2026-03-09T15:03:09","guid":{"rendered":"https:\/\/revistaesperanzas.com\/web\/?p=146380"},"modified":"2026-03-09T12:03:09","modified_gmt":"2026-03-09T15:03:09","slug":"queria-trabajar-de-fletero","status":"publish","type":"post","link":"https:\/\/revistaesperanzas.com\/web\/2026\/03\/queria-trabajar-de-fletero\/","title":{"rendered":"QUER\u00cdA TRABAJAR DE FLETERO"},"content":{"rendered":"<p>GOYA &#8211; La Polic\u00eda recuper\u00f3 un carro que habr\u00eda sido denunciado como sustra\u00eddo<\/p>\n<p>Efectivos policiales de la Comisar\u00eda de distrito Tercera de Goya, en colaboraci\u00f3n con la unidad fiscal interviniente, luego de diversos trabajos de investigaci\u00f3n, lograron recuperar un carro que habr\u00eda sido denunciado como sustra\u00eddo.<\/p>\n<p>El procedimiento lo realizaron los mencionados polic\u00edas, luego de tomar conocimiento que de frente a un domicilio ubicado en inmediaciones del barrio Belgrano, personas de identidad desconocida habr\u00edan sustra\u00eddo, un carro de metal y madera con eje de importante dimensi\u00f3n, el cual finalmente y fruto de un eficaz accionar, lograron hallar y recuperar el mismo.<\/p>\n<p>El carro recuperado fue puesto a disposici\u00f3n de la autoridad fiscal interviniente, en tanto en la citada dependencia policial, se prosigue con los tramites que corresponden.<\/p>\n","protected":false},"excerpt":{"rendered":"<p>GOYA &#8211; La Polic\u00eda recuper\u00f3 un carro que habr\u00eda sido denunciado como sustra\u00eddo Efectivos policiales de la Comisar\u00eda de distrito Tercera de Goya, en colaboraci\u00f3n con la unidad fiscal interviniente, luego de diversos trabajos de investigaci\u00f3n, lograron recuperar un carro que habr\u00eda sido denunciado como sustra\u00eddo. El procedimiento lo realizaron los mencionados polic\u00edas, luego de [&hellip;]<\/p>\n","protected":false},"author":4,"featured_media":146381,"comment_status":"closed","ping_status":"closed","sticky":false,"template":"","format":"standard","meta":{"footnotes":""},"categories":[58],"tags":[],"class_list":{"0":"post-146380","1":"post","2":"type-post","3":"status-publish","4":"format-standard","5":"has-post-thumbnail","7":"category-corrientes"},"_links":{"self":[{"href":"https:\/\/revistaesperanzas.com\/web\/wp-json\/wp\/v2\/posts\/146380","targetHints":{"allow":["GET"]}}],"collection":[{"href":"https:\/\/revistaesperanzas.com\/web\/wp-json\/wp\/v2\/posts"}],"about":[{"href":"https:\/\/revistaesperanzas.com\/web\/wp-json\/wp\/v2\/types\/post"}],"author":[{"embeddable":true,"href":"https:\/\/revistaesperanzas.com\/web\/wp-json\/wp\/v2\/users\/4"}],"replies":[{"embeddable":true,"href":"https:\/\/revistaesperanzas.com\/web\/wp-json\/wp\/v2\/comments?post=146380"}],"version-history":[{"count":1,"href":"https:\/\/revistaesperanzas.com\/web\/wp-json\/wp\/v2\/posts\/146380\/revisions"}],"predecessor-version":[{"id":146382,"href":"https:\/\/revistaesperanzas.com\/web\/wp-json\/wp\/v2\/posts\/146380\/revisions\/146382"}],"wp:featuredmedia":[{"embeddable":true,"href":"https:\/\/revistaesperanzas.com\/web\/wp-json\/wp\/v2\/media\/146381"}],"wp:attachment":[{"href":"https:\/\/revistaesperanzas.com\/web\/wp-json\/wp\/v2\/media?parent=146380"}],"wp:term":[{"taxonomy":"category","embeddable":true,"href":"https:\/\/revistaesperanzas.com\/web\/wp-json\/wp\/v2\/categories?post=146380"},{"taxonomy":"post_tag","embeddable":true,"href":"https:\/\/revistaesperanzas.com\/web\/wp-json\/wp\/v2\/tags?post=146380"}],"curies":[{"name":"wp","href":"https:\/\/api.w.org\/{rel}","templated":true}]}}