{"id":146383,"date":"2026-03-09T12:05:09","date_gmt":"2026-03-09T15:05:09","guid":{"rendered":"https:\/\/revistaesperanzas.com\/web\/?p=146383"},"modified":"2026-03-09T12:05:09","modified_gmt":"2026-03-09T15:05:09","slug":"ituzaingo-sera-que-ya-no-servia-mas","status":"publish","type":"post","link":"https:\/\/revistaesperanzas.com\/web\/2026\/03\/ituzaingo-sera-que-ya-no-servia-mas\/","title":{"rendered":"ITUZAINGO: \u00bfSER\u00c1 QUE YA NO SERV\u00cdA M\u00c1S?"},"content":{"rendered":"<p>Recuperan un autom\u00f3vil que presuntamente habr\u00eda sido vendido por un mec\u00e1nico, sin autorizaci\u00f3n<\/p>\n<p>En la ma\u00f1ana DEL 06-03-26, efectivos policiales de la Comisar\u00eda de distrito Primera de Ituzaing\u00f3 en colaboraci\u00f3n de la unidad fiscal interviniente, recuperaron un autom\u00f3vil en el marco de una causa iniciada tras la denuncia radicada por un hombre, en virtud que el mec\u00e1nico habr\u00eda vendido su rodado.<\/p>\n<p>Conforme a las primeras diligencias y averiguaciones, un hombre en diferentes oportunidades hab\u00eda dejado su veh\u00edculo -marca Peugeot 206- en un taller mec\u00e1nico ubicado por calles Santa Cruz y Roque S. Pe\u00f1a de esa ciudad, debido a fallas en el motor.<\/p>\n<p>Posteriormente, tiempo atr\u00e1s volvi\u00f3 a ingresarlo al mismo lugar por nuevas aver\u00edas mec\u00e1nicas, ocasi\u00f3n desde la cual el rodado permaneci\u00f3 en el taller sin poder retirarlo, ya que el mec\u00e1nico le manifestaba distintas excusas respecto a la reparaci\u00f3n.<\/p>\n<p>Tal es as\u00ec, que d\u00edas atr\u00e1s el propietario se present\u00f3 nuevamente en el lugar y constat\u00f3 la faltante del veh\u00edculo, inform\u00e1ndole el mec\u00e1nico que el rodado habr\u00eda sido vendido, sin brindarle mayores precisiones. En ese marco, tras tareas de averiguaci\u00f3n y con colaboraci\u00f3n de personal de la Unidad Especial de Seguridad Rural y Ecol\u00f3gica, se logr\u00f3 localizar el rodado en poder de un ciudadano, quien manifest\u00f3 que el veh\u00edculo le hab\u00eda sido prestado por el mencionado mec\u00e1nico, procediendo a hacer entrega voluntaria del autom\u00f3vil.<\/p>\n<p>El veh\u00edculo secuestrado preventivamente fue trasladado a la dependencia policial, siendo puesto a disposici\u00f3n de la Unidad Fiscal interviniente, en tanto, se contin\u00faan con las diligencias correspondientes.<\/p>\n","protected":false},"excerpt":{"rendered":"<p>Recuperan un autom\u00f3vil que presuntamente habr\u00eda sido vendido por un mec\u00e1nico, sin autorizaci\u00f3n En la ma\u00f1ana DEL 06-03-26, efectivos policiales de la Comisar\u00eda de distrito Primera de Ituzaing\u00f3 en colaboraci\u00f3n de la unidad fiscal interviniente, recuperaron un autom\u00f3vil en el marco de una causa iniciada tras la denuncia radicada por un hombre, en virtud que [&hellip;]<\/p>\n","protected":false},"author":4,"featured_media":146384,"comment_status":"closed","ping_status":"closed","sticky":false,"template":"","format":"standard","meta":{"footnotes":""},"categories":[58],"tags":[],"class_list":{"0":"post-146383","1":"post","2":"type-post","3":"status-publish","4":"format-standard","5":"has-post-thumbnail","7":"category-corrientes"},"_links":{"self":[{"href":"https:\/\/revistaesperanzas.com\/web\/wp-json\/wp\/v2\/posts\/146383","targetHints":{"allow":["GET"]}}],"collection":[{"href":"https:\/\/revistaesperanzas.com\/web\/wp-json\/wp\/v2\/posts"}],"about":[{"href":"https:\/\/revistaesperanzas.com\/web\/wp-json\/wp\/v2\/types\/post"}],"author":[{"embeddable":true,"href":"https:\/\/revistaesperanzas.com\/web\/wp-json\/wp\/v2\/users\/4"}],"replies":[{"embeddable":true,"href":"https:\/\/revistaesperanzas.com\/web\/wp-json\/wp\/v2\/comments?post=146383"}],"version-history":[{"count":1,"href":"https:\/\/revistaesperanzas.com\/web\/wp-json\/wp\/v2\/posts\/146383\/revisions"}],"predecessor-version":[{"id":146385,"href":"https:\/\/revistaesperanzas.com\/web\/wp-json\/wp\/v2\/posts\/146383\/revisions\/146385"}],"wp:featuredmedia":[{"embeddable":true,"href":"https:\/\/revistaesperanzas.com\/web\/wp-json\/wp\/v2\/media\/146384"}],"wp:attachment":[{"href":"https:\/\/revistaesperanzas.com\/web\/wp-json\/wp\/v2\/media?parent=146383"}],"wp:term":[{"taxonomy":"category","embeddable":true,"href":"https:\/\/revistaesperanzas.com\/web\/wp-json\/wp\/v2\/categories?post=146383"},{"taxonomy":"post_tag","embeddable":true,"href":"https:\/\/revistaesperanzas.com\/web\/wp-json\/wp\/v2\/tags?post=146383"}],"curies":[{"name":"wp","href":"https:\/\/api.w.org\/{rel}","templated":true}]}}