{"id":146394,"date":"2026-03-09T12:20:50","date_gmt":"2026-03-09T15:20:50","guid":{"rendered":"https:\/\/revistaesperanzas.com\/web\/?p=146394"},"modified":"2026-03-09T12:20:50","modified_gmt":"2026-03-09T15:20:50","slug":"para-vos-mujer-con-los-mejores-deseos","status":"publish","type":"post","link":"https:\/\/revistaesperanzas.com\/web\/2026\/03\/para-vos-mujer-con-los-mejores-deseos\/","title":{"rendered":"PARA VOS, MUJER . . .  CON LOS MEJORES DESEOS"},"content":{"rendered":"<p><strong>El Partido Autonomista de Goya homenaje\u00f3 a las mujeres en su d\u00eda<\/strong><\/p>\n<p>En el marco del D\u00eda Internacional de la Mujer, celebrado el domingo 8 de marz, el Partido<a href=\"https:\/\/revistaesperanzas.com\/web\/2026\/03\/para-vos-mujer-con-los-mejores-deseos\/whatsapp-image-2026-03-09-at-07-29-11\/\" rel=\"attachment wp-att-146395\"><img loading=\"lazy\" decoding=\"async\" class=\" wp-image-146395 alignleft\" src=\"https:\/\/revistaesperanzas.com\/web\/wp-content\/uploads\/2026\/03\/WhatsApp-Image-2026-03-09-at-07.29.11.jpeg\" alt=\"\" width=\"400\" height=\"481\" srcset=\"https:\/\/revistaesperanzas.com\/web\/wp-content\/uploads\/2026\/03\/WhatsApp-Image-2026-03-09-at-07.29.11.jpeg 600w, https:\/\/revistaesperanzas.com\/web\/wp-content\/uploads\/2026\/03\/WhatsApp-Image-2026-03-09-at-07.29.11-349x420.jpeg 349w\" sizes=\"auto, (max-width: 400px) 100vw, 400px\" \/><\/a> Autonomista de Goya realiz\u00f3 un sencillo pero significativo homenaje a las mujeres de la ciudad.<\/p>\n<p>Durante la jornada, j\u00f3venes del Partido recorrieron las calles c\u00e9ntricas de Goya haciendo entrega de un presente simb\u00f3lico a mujeres que transitaban por el lugar. El obsequio consisti\u00f3 en una flor acompa\u00f1ada de una tarjeta con un mensaje especialmente dedicado a ellas.<\/p>\n<p><strong>Texto de la tarjeta <\/strong><\/p>\n<p>&#8220;Reconocemos el valor, la fuerza y la constancia de las mujeres que d\u00eda a d\u00eda inspiran y transforman nuestra sociedad.&#8221;<\/p>\n<p>Partido Autonomista &#8211; Goya<a href=\"https:\/\/revistaesperanzas.com\/web\/2026\/03\/para-vos-mujer-con-los-mejores-deseos\/whatsapp-image-2026-03-09-at-07-29-11-1\/\" rel=\"attachment wp-att-146397\"><img loading=\"lazy\" decoding=\"async\" class=\" wp-image-146397 alignright\" src=\"https:\/\/revistaesperanzas.com\/web\/wp-content\/uploads\/2026\/03\/WhatsApp-Image-2026-03-09-at-07.29.11-1.jpeg\" alt=\"\" width=\"401\" height=\"515\" srcset=\"https:\/\/revistaesperanzas.com\/web\/wp-content\/uploads\/2026\/03\/WhatsApp-Image-2026-03-09-at-07.29.11-1.jpeg 600w, https:\/\/revistaesperanzas.com\/web\/wp-content\/uploads\/2026\/03\/WhatsApp-Image-2026-03-09-at-07.29.11-1-327x420.jpeg 327w\" sizes=\"auto, (max-width: 401px) 100vw, 401px\" \/><\/a><\/p>\n<p>La iniciativa busc\u00f3 destacar el rol fundamental que cumplen las mujeres en la vida cotidiana, en sus familias, en el trabajo y en la comunidad.<\/p>\n<p>El gesto fue muy bien recibido por las mujeres homenajeadas, quienes agradecieron la atenci\u00f3n y el reconocimiento en una fecha tan significativa.<\/p>\n<p>Desde el Partido Autonomista de Goya se\u00f1alaron que este tipo de acciones buscan poner en valor el aporte permanente de las mujeres a la construcci\u00f3n de una sociedad con m\u00e1s participaci\u00f3n, compromiso y solidaridad.<\/p>\n","protected":false},"excerpt":{"rendered":"<p>El Partido Autonomista de Goya homenaje\u00f3 a las mujeres en su d\u00eda En el marco del D\u00eda Internacional de la Mujer, celebrado el domingo 8 de marz, el Partido Autonomista de Goya realiz\u00f3 un sencillo pero significativo homenaje a las mujeres de la ciudad. Durante la jornada, j\u00f3venes del Partido recorrieron las calles c\u00e9ntricas de [&hellip;]<\/p>\n","protected":false},"author":4,"featured_media":146395,"comment_status":"closed","ping_status":"closed","sticky":false,"template":"","format":"standard","meta":{"footnotes":""},"categories":[45],"tags":[],"class_list":{"0":"post-146394","1":"post","2":"type-post","3":"status-publish","4":"format-standard","5":"has-post-thumbnail","7":"category-locales"},"_links":{"self":[{"href":"https:\/\/revistaesperanzas.com\/web\/wp-json\/wp\/v2\/posts\/146394","targetHints":{"allow":["GET"]}}],"collection":[{"href":"https:\/\/revistaesperanzas.com\/web\/wp-json\/wp\/v2\/posts"}],"about":[{"href":"https:\/\/revistaesperanzas.com\/web\/wp-json\/wp\/v2\/types\/post"}],"author":[{"embeddable":true,"href":"https:\/\/revistaesperanzas.com\/web\/wp-json\/wp\/v2\/users\/4"}],"replies":[{"embeddable":true,"href":"https:\/\/revistaesperanzas.com\/web\/wp-json\/wp\/v2\/comments?post=146394"}],"version-history":[{"count":2,"href":"https:\/\/revistaesperanzas.com\/web\/wp-json\/wp\/v2\/posts\/146394\/revisions"}],"predecessor-version":[{"id":146399,"href":"https:\/\/revistaesperanzas.com\/web\/wp-json\/wp\/v2\/posts\/146394\/revisions\/146399"}],"wp:featuredmedia":[{"embeddable":true,"href":"https:\/\/revistaesperanzas.com\/web\/wp-json\/wp\/v2\/media\/146395"}],"wp:attachment":[{"href":"https:\/\/revistaesperanzas.com\/web\/wp-json\/wp\/v2\/media?parent=146394"}],"wp:term":[{"taxonomy":"category","embeddable":true,"href":"https:\/\/revistaesperanzas.com\/web\/wp-json\/wp\/v2\/categories?post=146394"},{"taxonomy":"post_tag","embeddable":true,"href":"https:\/\/revistaesperanzas.com\/web\/wp-json\/wp\/v2\/tags?post=146394"}],"curies":[{"name":"wp","href":"https:\/\/api.w.org\/{rel}","templated":true}]}}