{"id":146403,"date":"2026-03-09T21:14:05","date_gmt":"2026-03-10T00:14:05","guid":{"rendered":"https:\/\/revistaesperanzas.com\/web\/?p=146403"},"modified":"2026-03-09T21:14:05","modified_gmt":"2026-03-10T00:14:05","slug":"conferencia-de-prensa-presentaran-jornada-de-capacitacion-profesional-sobre-autismo-en-goya","status":"publish","type":"post","link":"https:\/\/revistaesperanzas.com\/web\/2026\/03\/conferencia-de-prensa-presentaran-jornada-de-capacitacion-profesional-sobre-autismo-en-goya\/","title":{"rendered":"CONFERENCIA DE PRENSA: PRESENTAR\u00c1N JORNADA DE CAPACITACI\u00d3N PROFESIONAL SOBRE AUTISMO EN GOYA"},"content":{"rendered":"<p>La Municipalidad de Goya invita a periodistas y comunicadores a participar de la conferencia de prensa que se realizar\u00e1 este martes 10 de marzo a las 11 horas en el Sal\u00f3n de Acuerdos del municipio, donde se brindar\u00e1n detalles sobre una importante jornada de capacitaci\u00f3n profesional vinculada al autismo.<\/p>\n","protected":false},"excerpt":{"rendered":"<p>La Municipalidad de Goya invita a periodistas y comunicadores a participar de la conferencia de prensa que se realizar\u00e1 este martes 10 de marzo a las 11 horas en el Sal\u00f3n de Acuerdos del municipio, donde se brindar\u00e1n detalles sobre una importante jornada de capacitaci\u00f3n profesional vinculada al autismo.<\/p>\n","protected":false},"author":4,"featured_media":146404,"comment_status":"closed","ping_status":"closed","sticky":false,"template":"","format":"standard","meta":{"footnotes":""},"categories":[45],"tags":[],"class_list":{"0":"post-146403","1":"post","2":"type-post","3":"status-publish","4":"format-standard","5":"has-post-thumbnail","7":"category-locales"},"_links":{"self":[{"href":"https:\/\/revistaesperanzas.com\/web\/wp-json\/wp\/v2\/posts\/146403","targetHints":{"allow":["GET"]}}],"collection":[{"href":"https:\/\/revistaesperanzas.com\/web\/wp-json\/wp\/v2\/posts"}],"about":[{"href":"https:\/\/revistaesperanzas.com\/web\/wp-json\/wp\/v2\/types\/post"}],"author":[{"embeddable":true,"href":"https:\/\/revistaesperanzas.com\/web\/wp-json\/wp\/v2\/users\/4"}],"replies":[{"embeddable":true,"href":"https:\/\/revistaesperanzas.com\/web\/wp-json\/wp\/v2\/comments?post=146403"}],"version-history":[{"count":1,"href":"https:\/\/revistaesperanzas.com\/web\/wp-json\/wp\/v2\/posts\/146403\/revisions"}],"predecessor-version":[{"id":146405,"href":"https:\/\/revistaesperanzas.com\/web\/wp-json\/wp\/v2\/posts\/146403\/revisions\/146405"}],"wp:featuredmedia":[{"embeddable":true,"href":"https:\/\/revistaesperanzas.com\/web\/wp-json\/wp\/v2\/media\/146404"}],"wp:attachment":[{"href":"https:\/\/revistaesperanzas.com\/web\/wp-json\/wp\/v2\/media?parent=146403"}],"wp:term":[{"taxonomy":"category","embeddable":true,"href":"https:\/\/revistaesperanzas.com\/web\/wp-json\/wp\/v2\/categories?post=146403"},{"taxonomy":"post_tag","embeddable":true,"href":"https:\/\/revistaesperanzas.com\/web\/wp-json\/wp\/v2\/tags?post=146403"}],"curies":[{"name":"wp","href":"https:\/\/api.w.org\/{rel}","templated":true}]}}