{"id":146406,"date":"2026-03-09T21:24:18","date_gmt":"2026-03-10T00:24:18","guid":{"rendered":"https:\/\/revistaesperanzas.com\/web\/?p=146406"},"modified":"2026-03-09T21:24:18","modified_gmt":"2026-03-10T00:24:18","slug":"barrio-alem-emotivo-homenaje-en-la-plaza-por-el-dia-internacional-de-la-mujer","status":"publish","type":"post","link":"https:\/\/revistaesperanzas.com\/web\/2026\/03\/barrio-alem-emotivo-homenaje-en-la-plaza-por-el-dia-internacional-de-la-mujer\/","title":{"rendered":"BARRIO ALEM: EMOTIVO HOMENAJE EN LA PLAZA POR EL D\u00cdA INTERNACIONAL DE LA MUJER"},"content":{"rendered":"<p style=\"font-weight: 400;\">En la jornada del domingo, el barrio Alem fue escenario de una significativa actividad conmemorativa en la \u201cPlaza de la Mujer\u201d, en el marco del D\u00eda Internacional de la Mujer, una fecha destinada a recordar la lucha hist\u00f3rica de las mujeres por sus derechos y a mantener viva la memoria de quienes marcaron ese camino.<\/p>\n<p style=\"font-weight: 400;\">La conmemoraci\u00f3n remite a uno de los episodios m\u00e1s dolorosos en la historia del movimiento obrero y sindical: el tr\u00e1gico hecho en el que 129 mujeres perdieron la vida, suceso que marc\u00f3 un antes y un despu\u00e9s en la reivindicaci\u00f3n de los derechos laborales femeninos a nivel mundial. Por ello, m\u00e1s que una celebraci\u00f3n, la fecha invita a la reflexi\u00f3n, la memoria y el reconocimiento de aquellas luchas.<\/p>\n<p style=\"font-weight: 400;\">En este contexto, vecinos y referentes barriales se congregaron en la plaza del barrio Alem para participar de una jornada cargada de emotividad y memoria colectiva. <a href=\"https:\/\/revistaesperanzas.com\/web\/2026\/03\/barrio-alem-emotivo-homenaje-en-la-plaza-por-el-dia-internacional-de-la-mujer\/nota-barrio-alem-2\/\" rel=\"attachment wp-att-146408\"><img loading=\"lazy\" decoding=\"async\" class=\" wp-image-146408 alignleft\" src=\"https:\/\/revistaesperanzas.com\/web\/wp-content\/uploads\/2026\/03\/nota-barrio-alem-2.jpeg\" alt=\"\" width=\"689\" height=\"689\" srcset=\"https:\/\/revistaesperanzas.com\/web\/wp-content\/uploads\/2026\/03\/nota-barrio-alem-2.jpeg 600w, https:\/\/revistaesperanzas.com\/web\/wp-content\/uploads\/2026\/03\/nota-barrio-alem-2-420x420.jpeg 420w\" sizes=\"auto, (max-width: 689px) 100vw, 689px\" \/><\/a><\/p>\n<p style=\"font-weight: 400;\">En comunicaci\u00f3n telef\u00f3nica con Radio Ciudad 88.3, la presidenta del barrio Alem, Mar\u00eda Fernanda Diez, destac\u00f3 el significado de este espacio y la importancia de mantener viva esta conmemoraci\u00f3n.<\/p>\n<p style=\"font-weight: 400;\">\u201cLa verdad como todos los a\u00f1os es propicio que nosotros levantemos la bandera ac\u00e1 en nuestra plaza\u201d, expres\u00f3 la dirigente vecinal.<\/p>\n<p style=\"font-weight: 400;\">Asimismo, remarc\u00f3 el valor simb\u00f3lico del lugar dentro de la ciudad. \u201cUn \u00edcono de la ciudad, la \u00fanica plaza de la mujer que hay. Est\u00e1bamos expectante con el tiempo, si nos jugaba una mala pasada, pero se cort\u00f3\u201d, coment\u00f3 la presidenta barrial respecto a la incertidumbre clim\u00e1tica que precedi\u00f3 a la actividad.<\/p>\n<p style=\"font-weight: 400;\">\u201cDios quiso que icemos nuestra bandera como lo hacemos todos los a\u00f1os. La verdad que para nosotros es un orgullo tener esta plaza en nuestro barrio y levantar la bandera en nombre de todas las mujeres y m\u00e1s a\u00fan de las mujeres vecinalistas, como siempre digo que representamos mucho para cada barrio, trabajamos los 365 d\u00edas del a\u00f1o en calidad del bienestar de los vecinos, de andar, de gestionar, o sea, muchas cosas que por ah\u00ed no se ven y creo que el acto de ayer fue muy lindo\u201d, subray\u00f3 Diez.<\/p>\n<p style=\"font-weight: 400;\">La presidenta tambi\u00e9n agradeci\u00f3 el acompa\u00f1amiento de otros dirigentes barriales y vecinos que se acercaron a participar de la actividad.<\/p>\n<p style=\"font-weight: 400;\">\u201cLa verdad que no tengo palabras para las presidentas que tambi\u00e9n acompa\u00f1aron\u201d, expres\u00f3.<\/p>\n<p style=\"font-weight: 400;\">La jornada tambi\u00e9n incluy\u00f3 un momento especialmente emotivo con el recuerdo de mujeres que dejaron una profunda huella en el trabajo comunitario. Entre ellas, se mencion\u00f3 a Elida Castelli, reconocida por su trayectoria como referente vecinalista, y a Luc\u00eda Ca\u00f1ete, del barrio 9 de Julio, recientemente fallecida.<\/p>\n<p style=\"font-weight: 400;\">\u201cExactamente. el a\u00f1o pasado, por ejemplo, que estuvieron todos los funcionarios se record\u00f3 y la verdad que este a\u00f1o tuvimos que recordar a otra persona m\u00e1s que se nos fue, una gran vecina como fue Luc\u00eda Ca\u00f1ete del barrio 9 de Julio, que fue presidenta del barrio 9 de Julio\u201d, manifest\u00f3 Diez.<\/p>\n<p style=\"font-weight: 400;\">El recuerdo de estas mujeres gener\u00f3 un clima de profunda emoci\u00f3n entre los presentes.<\/p>\n<p style=\"font-weight: 400;\">\u201cEste a\u00f1o fue realmente m\u00e1s todav\u00eda emotivo recordar a tanta gente linda, porque Elida Castelli fue un icono del feminismo, unas de las primeras. Despu\u00e9s, Antonia que tambi\u00e9n anduvo y luch\u00f3 por el tema de su casa, la estatua de \u201cCoqui\u201d Correa. Tengo miles de an\u00e9cdotas de muchas mujeres\u201d, agreg\u00f3.<\/p>\n<p style=\"font-weight: 400;\">En ese sentido, la dirigente vecinal destac\u00f3 la importancia de reivindicar el aporte cotidiano de las mujeres en distintos \u00e1mbitos de la comunidad.<\/p>\n<p style=\"font-weight: 400;\">\u201cDespu\u00e9s Luc\u00eda tambi\u00e9n con el tema de la plaza, todas ten\u00edamos ese fin de gestionar, de andar. Creo que se debe recordar si bien para m\u00ed por lo menos yo siempre todos los a\u00f1os trato de no olvidarme, pero reivindicar el trabajo de la mujer en la comunidad, seguramente habr\u00e1 tambi\u00e9n gente que trabaja, mujeres que trabajan en la iglesia, se record\u00f3 un mont\u00f3n de mujeres, nosotros como vecinalistas recordamos a nuestras mujeres\u201d, se\u00f1al\u00f3.<\/p>\n<p style=\"font-weight: 400;\">Diez tambi\u00e9n manifest\u00f3 su emoci\u00f3n personal por el desarrollo del acto y por el acompa\u00f1amiento recibido.<\/p>\n<p style=\"font-weight: 400;\">\u201cLa verdad que para m\u00ed fue muy emotivo, agradezco infinitamente a las presidentes que vinieron, a el presidente Gabriel Chamorro tambi\u00e9n que estuvo acompa\u00f1ando, otra gente tambi\u00e9n que vino. La verdad que me sent\u00ed honrada m\u00e1s all\u00e1 de que en la \u00e9poca de pandemia y eso me toc\u00f3 estar sola, pero la bandera ah\u00ed estaba\u201d, afirm\u00f3.<\/p>\n<p style=\"font-weight: 400;\">La presidenta del barrio Alem remarc\u00f3 adem\u00e1s el compromiso permanente con el mantenimiento y la valorizaci\u00f3n de este espacio simb\u00f3lico.<\/p>\n<p style=\"font-weight: 400;\">\u201cTrato de siempre enaltecer no solo la plaza, sino a las mujeres. M\u00e1s que nada a las mujeres, porque siempre digo que simplemente es un lugar donde no solo todos los 8 de marzo, sino todo el a\u00f1o trabajamos, las \u00e1reas tambi\u00e9n municipales trabajan todo el a\u00f1o, no es que el 8 de marzo viene y se pone linda la plaza y nada m\u00e1s\u201d, indic\u00f3.<\/p>\n<p style=\"font-weight: 400;\">En ese sentido, tambi\u00e9n destac\u00f3 el acompa\u00f1amiento del municipio para el desarrollo de las actividades y mejoras en el lugar.<\/p>\n<p style=\"font-weight: 400;\">\u201cSiempre agradeciendo a todo el equipo municipal, al intendente, como ellos nos dan las herramientas a nosotros para trabajar ac\u00e1 en el barrio, pero se trabaja todo el a\u00f1o y obviamente el d\u00eda el 8 de marzo se trata de darle un toque para que obviamente resalte lo que es la plaza\u201d, a\u00f1adi\u00f3.<\/p>\n<p style=\"font-weight: 400;\">Durante la entrevista, Diez reflexion\u00f3 sobre la importancia de sostener la lucha por los derechos de las mujeres m\u00e1s all\u00e1 de una fecha puntual.<\/p>\n<p style=\"font-weight: 400;\">\u201cNosotros tenemos dentro de la plaza s\u00edmbolos como el Banco Rojo, un mural que se inaugur\u00f3 con el tema de la Ley Micaela, el a\u00f1o pasado se inaugur\u00f3 junto al intendente Mariano Hormaechea el Monolito recordatorio en el D\u00eda de la Mujer\u201d, expres\u00f3.<\/p>\n<p style=\"font-weight: 400;\">Tambi\u00e9n resalt\u00f3 el valor simb\u00f3lico que tiene la plaza para el barrio y para la ciudad.<\/p>\n<p style=\"font-weight: 400;\">\u201cLa plaza en s\u00ed tiene un motivo, creo que sobra todo lo que hay adentro y lo que obviamente es en s\u00ed para todo nuestro barrio es un movimiento bastante de grande\u201d, sostuvo.<\/p>\n<p style=\"font-weight: 400;\">Finalmente, la presidenta del barrio Alem reivindic\u00f3 el rol de las mujeres que participan en la vida vecinal y comunitaria.<\/p>\n<p style=\"font-weight: 400;\">\u201cReivindicar m\u00e1s que nada a la mujer porque dice, &#8220;No, la mujer vecinalista.&#8221; La mujer vecinalista es mam\u00e1, esposa, ama de casa y presidenta de barrio\u201d, expres\u00f3.<\/p>\n<p style=\"font-weight: 400;\">\u201cUn combo que a veces por ah\u00ed estamos luchando para cambiar, mejorar la calidad de vida de los vecinos, de la ciudad, acompa\u00f1ando\u201d, agreg\u00f3.<\/p>\n<p style=\"font-weight: 400;\">A modo de cierre, dej\u00f3 un mensaje para todas las mujeres que trabajan d\u00eda a d\u00eda en sus barrios.<\/p>\n<p style=\"font-weight: 400;\">\u201cHoy hay otros festejos m\u00e1s que por razones clim\u00e1ticas no se pudieron realizar el d\u00eda de ayer, pero hacer extensivo a todas las mujeres vecinalistas, un saludo especial, a seguir trabajando por nuestros barrios y levantando siempre lo que es la bandera de la mujer vecinalista y de todas las mujeres en s\u00ed del mundo\u201d, concluy\u00f3 Mar\u00eda Fernanda Diez.<\/p>\n<p style=\"font-weight: 400;\">\n<p>&nbsp;<\/p>\n","protected":false},"excerpt":{"rendered":"<p>En la jornada del domingo, el barrio Alem fue escenario de una significativa actividad conmemorativa en la \u201cPlaza de la Mujer\u201d, en el marco del D\u00eda Internacional de la Mujer, una fecha destinada a recordar la lucha hist\u00f3rica de las mujeres por sus derechos y a mantener viva la memoria de quienes marcaron ese camino. [&hellip;]<\/p>\n","protected":false},"author":4,"featured_media":146407,"comment_status":"closed","ping_status":"closed","sticky":false,"template":"","format":"standard","meta":{"footnotes":""},"categories":[45],"tags":[],"class_list":{"0":"post-146406","1":"post","2":"type-post","3":"status-publish","4":"format-standard","5":"has-post-thumbnail","7":"category-locales"},"_links":{"self":[{"href":"https:\/\/revistaesperanzas.com\/web\/wp-json\/wp\/v2\/posts\/146406","targetHints":{"allow":["GET"]}}],"collection":[{"href":"https:\/\/revistaesperanzas.com\/web\/wp-json\/wp\/v2\/posts"}],"about":[{"href":"https:\/\/revistaesperanzas.com\/web\/wp-json\/wp\/v2\/types\/post"}],"author":[{"embeddable":true,"href":"https:\/\/revistaesperanzas.com\/web\/wp-json\/wp\/v2\/users\/4"}],"replies":[{"embeddable":true,"href":"https:\/\/revistaesperanzas.com\/web\/wp-json\/wp\/v2\/comments?post=146406"}],"version-history":[{"count":2,"href":"https:\/\/revistaesperanzas.com\/web\/wp-json\/wp\/v2\/posts\/146406\/revisions"}],"predecessor-version":[{"id":146410,"href":"https:\/\/revistaesperanzas.com\/web\/wp-json\/wp\/v2\/posts\/146406\/revisions\/146410"}],"wp:featuredmedia":[{"embeddable":true,"href":"https:\/\/revistaesperanzas.com\/web\/wp-json\/wp\/v2\/media\/146407"}],"wp:attachment":[{"href":"https:\/\/revistaesperanzas.com\/web\/wp-json\/wp\/v2\/media?parent=146406"}],"wp:term":[{"taxonomy":"category","embeddable":true,"href":"https:\/\/revistaesperanzas.com\/web\/wp-json\/wp\/v2\/categories?post=146406"},{"taxonomy":"post_tag","embeddable":true,"href":"https:\/\/revistaesperanzas.com\/web\/wp-json\/wp\/v2\/tags?post=146406"}],"curies":[{"name":"wp","href":"https:\/\/api.w.org\/{rel}","templated":true}]}}