{"id":146411,"date":"2026-03-09T21:29:05","date_gmt":"2026-03-10T00:29:05","guid":{"rendered":"https:\/\/revistaesperanzas.com\/web\/?p=146411"},"modified":"2026-03-09T21:29:05","modified_gmt":"2026-03-10T00:29:05","slug":"la-apc-organiza-iii-congreso-provincial-de-periodistas-trabajadores-de-prensa-y-de-la-comunicacion","status":"publish","type":"post","link":"https:\/\/revistaesperanzas.com\/web\/2026\/03\/la-apc-organiza-iii-congreso-provincial-de-periodistas-trabajadores-de-prensa-y-de-la-comunicacion\/","title":{"rendered":"LA APC ORGANIZA III CONGRESO PROVINCIAL DE PERIODISTAS, TRABAJADORES DE PRENSA Y DE LA COMUNICACI\u00d3N"},"content":{"rendered":"<p style=\"font-weight: 400;\">El pr\u00f3ximo 28 de marzo periodistas de toda la provincia se reunir\u00e1n en Paso de la Patria para analizar tem\u00e1ticas que corresponden a la profesi\u00f3n. La Comisi\u00f3n Directiva propondr\u00e1 dialogar sobre crisis laboral y salarial poniendo especial atenci\u00f3n en las modificaciones realizadas a las leyes actuales, tanto de trabajo como en la ley madre de nuestro sector<a href=\"https:\/\/revistaesperanzas.com\/web\/2026\/03\/la-apc-organiza-iii-congreso-provincial-de-periodistas-trabajadores-de-prensa-y-de-la-comunicacion\/congreso-de-periodista\/\" rel=\"attachment wp-att-146413\"><img loading=\"lazy\" decoding=\"async\" class=\" wp-image-146413 alignleft\" src=\"https:\/\/revistaesperanzas.com\/web\/wp-content\/uploads\/2026\/03\/CONGRESO-DE-PERIODISTA.jpeg\" alt=\"\" width=\"450\" height=\"563\" srcset=\"https:\/\/revistaesperanzas.com\/web\/wp-content\/uploads\/2026\/03\/CONGRESO-DE-PERIODISTA.jpeg 600w, https:\/\/revistaesperanzas.com\/web\/wp-content\/uploads\/2026\/03\/CONGRESO-DE-PERIODISTA-336x420.jpeg 336w\" sizes=\"auto, (max-width: 450px) 100vw, 450px\" \/><\/a> que fue derogada por el Poder Legislativo.<\/p>\n<p style=\"font-weight: 400;\">Esta situaci\u00f3n ha sido totalmente infame para los trabajadores de prensa, ya que deja a los periodistas y comunicadores sin una cobertura legal, mientras que a la comunidad en general, sin posibilidad de contar con un periodismo imparcial y con honestidad intelectual. Se trata de un claro ataque a la libertad de expresi\u00f3n y es una clara muestra de una intolerancia autoritaria por parte del actual Gobierno Nacional.<\/p>\n<p style=\"font-weight: 400;\">En este encuentro, previsto entre las 9 y 13 horas del s\u00e1bado 28 de marzo, se debatir\u00e1, analizar\u00e1 y se buscar\u00e1 una salida a esta situaci\u00f3n de injusticia, al tiempo que servir\u00e1 para sacar conclusiones sobre posibles aportes para una nueva ley que regule los servicios y el trabajo de la prensa en la Argentina.<\/p>\n<p style=\"font-weight: 400;\">TEMAS A TRATAR:<\/p>\n<p style=\"font-weight: 400;\">La Comisi\u00f3n Directiva encabezada por el licenciado Diego Miner, coincidi\u00f3 en la necesidad de atacar estos puntos, reflexionar y analizar la situaci\u00f3n de la tarea de informar a la sociedad, ante el avance de las nuevas tecnolog\u00edas. C\u00f3mo nos afecta la Reforma Laboral. Aportes para modernizar el Estatuto del Periodista. Nuevas tecnolog\u00edas y modernizaci\u00f3n. Una profesi\u00f3n digital. Regulaci\u00f3n de las nuevas plataformas y medios de difusi\u00f3n digitales. La Apat\u00eda en el Sector. Volver a las acciones colectivas.<\/p>\n<p style=\"font-weight: 400;\">Este encuentro provincial espera contar con la presencia de los trabajadores de prensa de todo el territorio provincial.<\/p>\n<p style=\"font-weight: 400;\">La convocatoria es abierta, libre y gratuita. Ser\u00e1 una jornada extendida donde se contar\u00e1 con paneles con reconocidos periodistas del medio, con debates abiertos y un espacio para trabajar la realidad de cada distrito de la provincia. Las inscripciones e inquietudes se podr\u00e1n realizar v\u00eda<\/p>\n<p style=\"font-weight: 400;\">Facebook APC Periodistas Corrientes y a los Cel: 3794- 407777 y 3794-229488<\/p>\n<p style=\"font-weight: 400;\"><strong><u>Formulario de inscripci\u00f3n<\/u><\/strong>:\u00a0<a href=\"https:\/\/forms.gle\/qgJXvbmz61wdNogC8\" data-saferedirecturl=\"https:\/\/www.google.com\/url?q=https:\/\/forms.gle\/qgJXvbmz61wdNogC8&amp;source=gmail&amp;ust=1773187601970000&amp;usg=AOvVaw1hrlW-0obEHgnaWGWXswbz\">https:\/\/forms.gle\/qgJXvbmz61wdNogC8<\/a><\/p>\n<p style=\"font-weight: 400;\">\u00a0Invitan: Periodistas Unidos APC, FATPREN<\/p>\n","protected":false},"excerpt":{"rendered":"<p>El pr\u00f3ximo 28 de marzo periodistas de toda la provincia se reunir\u00e1n en Paso de la Patria para analizar tem\u00e1ticas que corresponden a la profesi\u00f3n. La Comisi\u00f3n Directiva propondr\u00e1 dialogar sobre crisis laboral y salarial poniendo especial atenci\u00f3n en las modificaciones realizadas a las leyes actuales, tanto de trabajo como en la ley madre de [&hellip;]<\/p>\n","protected":false},"author":4,"featured_media":146412,"comment_status":"closed","ping_status":"closed","sticky":false,"template":"","format":"standard","meta":{"footnotes":""},"categories":[45],"tags":[],"class_list":{"0":"post-146411","1":"post","2":"type-post","3":"status-publish","4":"format-standard","5":"has-post-thumbnail","7":"category-locales"},"_links":{"self":[{"href":"https:\/\/revistaesperanzas.com\/web\/wp-json\/wp\/v2\/posts\/146411","targetHints":{"allow":["GET"]}}],"collection":[{"href":"https:\/\/revistaesperanzas.com\/web\/wp-json\/wp\/v2\/posts"}],"about":[{"href":"https:\/\/revistaesperanzas.com\/web\/wp-json\/wp\/v2\/types\/post"}],"author":[{"embeddable":true,"href":"https:\/\/revistaesperanzas.com\/web\/wp-json\/wp\/v2\/users\/4"}],"replies":[{"embeddable":true,"href":"https:\/\/revistaesperanzas.com\/web\/wp-json\/wp\/v2\/comments?post=146411"}],"version-history":[{"count":2,"href":"https:\/\/revistaesperanzas.com\/web\/wp-json\/wp\/v2\/posts\/146411\/revisions"}],"predecessor-version":[{"id":146415,"href":"https:\/\/revistaesperanzas.com\/web\/wp-json\/wp\/v2\/posts\/146411\/revisions\/146415"}],"wp:featuredmedia":[{"embeddable":true,"href":"https:\/\/revistaesperanzas.com\/web\/wp-json\/wp\/v2\/media\/146412"}],"wp:attachment":[{"href":"https:\/\/revistaesperanzas.com\/web\/wp-json\/wp\/v2\/media?parent=146411"}],"wp:term":[{"taxonomy":"category","embeddable":true,"href":"https:\/\/revistaesperanzas.com\/web\/wp-json\/wp\/v2\/categories?post=146411"},{"taxonomy":"post_tag","embeddable":true,"href":"https:\/\/revistaesperanzas.com\/web\/wp-json\/wp\/v2\/tags?post=146411"}],"curies":[{"name":"wp","href":"https:\/\/api.w.org\/{rel}","templated":true}]}}