{"id":146416,"date":"2026-03-09T21:30:34","date_gmt":"2026-03-10T00:30:34","guid":{"rendered":"https:\/\/revistaesperanzas.com\/web\/?p=146416"},"modified":"2026-03-09T21:30:34","modified_gmt":"2026-03-10T00:30:34","slug":"en-el-marco-del-8m-invitan-a-charla-abierta-sobre-prevencion-y-acompanamiento-ante-situaciones-de-vulnerabilidad","status":"publish","type":"post","link":"https:\/\/revistaesperanzas.com\/web\/2026\/03\/en-el-marco-del-8m-invitan-a-charla-abierta-sobre-prevencion-y-acompanamiento-ante-situaciones-de-vulnerabilidad\/","title":{"rendered":"En el marco del 8M:  INVITAN A CHARLA ABIERTA SOBRE PREVENCI\u00d3N Y ACOMPA\u00d1AMIENTO ANTE SITUACIONES DE VULNERABILIDAD"},"content":{"rendered":"<p style=\"font-weight: 400;\">En el marco de las actividades conmemorativas por el D\u00eda Internacional de la Mujer (8M), el Centro Regional Goya invita a la comunidad a participar de una charla abierta que contar\u00e1 con la participaci\u00f3n de la Comisar\u00eda de la Mujer, espacio que brindar\u00e1 herramientas de orientaci\u00f3n y apoyo para situaciones de vulnerabilidad.<\/p>\n<p style=\"font-weight: 400;\">La propuesta tiene como objetivo generar un \u00e1mbito de reflexi\u00f3n, informaci\u00f3n y acompa\u00f1amiento para toda la comunidad, promoviendo el acceso a herramientas que permitan prevenir, identificar y actuar ante diferentes situaciones de vulnerabilidad.<\/p>\n<p style=\"font-weight: 400;\">Desde la organizaci\u00f3n destacan la importancia de estos espacios de encuentro y aprendizaje, se\u00f1alando que \u201cla informaci\u00f3n es nuestra mejor herramienta de prevenci\u00f3n\u201d, subrayando adem\u00e1s que conocer los derechos fortalece a las mujeres y permite actuar con mayor seguridad ante situaciones complejas.<\/p>\n<p style=\"font-weight: 400;\">En ese sentido, tambi\u00e9n remarcan la relevancia de pedir ayuda a tiempo, ya que puede resultar determinante para abordar y superar circunstancias dif\u00edciles.<\/p>\n<p style=\"font-weight: 400;\">La actividad busca convertirse en un espacio de reflexi\u00f3n y compromiso comunitario, donde se compartan conocimientos, se promueva la conciencia social y se fortalezca la red de acompa\u00f1amiento y contenci\u00f3n.<\/p>\n<p style=\"font-weight: 400;\">La charla se realizar\u00e1 el mi\u00e9rcoles 11 de marzo a las 19 horas en el Centro Regional Goya, ubicado en Col\u00f3n 538, y est\u00e1 destinada a toda la comunidad interesada en informarse, reflexionar y fortalecer herramientas de prevenci\u00f3n y apoyo.<\/p>\n<p style=\"font-weight: 400;\">Sigue a @CentroRegGoya para m\u00e1s informaci\u00f3n.<\/p>\n<p style=\"font-weight: 400;\">#D\u00edaInternacionalDeLaMujer #Goya #Comisar\u00edaDeLaMujer #DerechosHumanos #NoEst\u00e1sSola<\/p>\n","protected":false},"excerpt":{"rendered":"<p>En el marco de las actividades conmemorativas por el D\u00eda Internacional de la Mujer (8M), el Centro Regional Goya invita a la comunidad a participar de una charla abierta que contar\u00e1 con la participaci\u00f3n de la Comisar\u00eda de la Mujer, espacio que brindar\u00e1 herramientas de orientaci\u00f3n y apoyo para situaciones de vulnerabilidad. La propuesta tiene [&hellip;]<\/p>\n","protected":false},"author":4,"featured_media":146417,"comment_status":"closed","ping_status":"closed","sticky":false,"template":"","format":"standard","meta":{"footnotes":""},"categories":[45],"tags":[],"class_list":{"0":"post-146416","1":"post","2":"type-post","3":"status-publish","4":"format-standard","5":"has-post-thumbnail","7":"category-locales"},"_links":{"self":[{"href":"https:\/\/revistaesperanzas.com\/web\/wp-json\/wp\/v2\/posts\/146416","targetHints":{"allow":["GET"]}}],"collection":[{"href":"https:\/\/revistaesperanzas.com\/web\/wp-json\/wp\/v2\/posts"}],"about":[{"href":"https:\/\/revistaesperanzas.com\/web\/wp-json\/wp\/v2\/types\/post"}],"author":[{"embeddable":true,"href":"https:\/\/revistaesperanzas.com\/web\/wp-json\/wp\/v2\/users\/4"}],"replies":[{"embeddable":true,"href":"https:\/\/revistaesperanzas.com\/web\/wp-json\/wp\/v2\/comments?post=146416"}],"version-history":[{"count":1,"href":"https:\/\/revistaesperanzas.com\/web\/wp-json\/wp\/v2\/posts\/146416\/revisions"}],"predecessor-version":[{"id":146418,"href":"https:\/\/revistaesperanzas.com\/web\/wp-json\/wp\/v2\/posts\/146416\/revisions\/146418"}],"wp:featuredmedia":[{"embeddable":true,"href":"https:\/\/revistaesperanzas.com\/web\/wp-json\/wp\/v2\/media\/146417"}],"wp:attachment":[{"href":"https:\/\/revistaesperanzas.com\/web\/wp-json\/wp\/v2\/media?parent=146416"}],"wp:term":[{"taxonomy":"category","embeddable":true,"href":"https:\/\/revistaesperanzas.com\/web\/wp-json\/wp\/v2\/categories?post=146416"},{"taxonomy":"post_tag","embeddable":true,"href":"https:\/\/revistaesperanzas.com\/web\/wp-json\/wp\/v2\/tags?post=146416"}],"curies":[{"name":"wp","href":"https:\/\/api.w.org\/{rel}","templated":true}]}}