{"id":146427,"date":"2026-03-09T21:39:33","date_gmt":"2026-03-10T00:39:33","guid":{"rendered":"https:\/\/revistaesperanzas.com\/web\/?p=146427"},"modified":"2026-03-09T21:39:33","modified_gmt":"2026-03-10T00:39:33","slug":"triatlon-ciudad-de-goya-organizado-por-la-municipalidad-de-goya","status":"publish","type":"post","link":"https:\/\/revistaesperanzas.com\/web\/2026\/03\/triatlon-ciudad-de-goya-organizado-por-la-municipalidad-de-goya\/","title":{"rendered":"TRIATL\u00d3N \u201cCIUDAD DE GOYA\u201d ORGANIZADO POR LA MUNICIPALIDAD DE GOYA"},"content":{"rendered":"<p style=\"font-weight: 400;\">La gesti\u00f3n municipal llev\u00f3 adelante la edici\u00f3n n\u00famero 17 del Triatl\u00f3n Ciudad de Goya, la organizaci\u00f3n desde Direcci\u00f3n de Deportes para la convocatoria durante el fin de semana<a href=\"https:\/\/revistaesperanzas.com\/web\/2026\/03\/triatlon-ciudad-de-goya-organizado-por-la-municipalidad-de-goya\/triatlon-goya-ciudad-1\/\" rel=\"attachment wp-att-146429\"><img loading=\"lazy\" decoding=\"async\" class=\" wp-image-146429 alignleft\" src=\"https:\/\/revistaesperanzas.com\/web\/wp-content\/uploads\/2026\/03\/TRIATLON-GOYA-CIUDAD-1.jpeg\" alt=\"\" width=\"500\" height=\"342\" srcset=\"https:\/\/revistaesperanzas.com\/web\/wp-content\/uploads\/2026\/03\/TRIATLON-GOYA-CIUDAD-1.jpeg 600w, https:\/\/revistaesperanzas.com\/web\/wp-content\/uploads\/2026\/03\/TRIATLON-GOYA-CIUDAD-1-218x150.jpeg 218w\" sizes=\"auto, (max-width: 500px) 100vw, 500px\" \/><\/a> gener\u00f3 un atractivo de relevancia en la ciudad.<\/p>\n<p style=\"font-weight: 400;\">La decisi\u00f3n desde la gesti\u00f3n del intendente Mariano Hormechea, permite generar estos atractivos que adem\u00e1s de tratarse de un evento deportivo, permite la visita de familias y equipos que<a href=\"https:\/\/revistaesperanzas.com\/web\/2026\/03\/triatlon-ciudad-de-goya-organizado-por-la-municipalidad-de-goya\/triatlon-goya-ciudad-3\/\" rel=\"attachment wp-att-146430\"><img loading=\"lazy\" decoding=\"async\" class=\" wp-image-146430 alignright\" src=\"https:\/\/revistaesperanzas.com\/web\/wp-content\/uploads\/2026\/03\/TRIATLON-GOYA-CIUDAD-3.jpeg\" alt=\"\" width=\"500\" height=\"598\" srcset=\"https:\/\/revistaesperanzas.com\/web\/wp-content\/uploads\/2026\/03\/TRIATLON-GOYA-CIUDAD-3.jpeg 600w, https:\/\/revistaesperanzas.com\/web\/wp-content\/uploads\/2026\/03\/TRIATLON-GOYA-CIUDAD-3-351x420.jpeg 351w\" sizes=\"auto, (max-width: 500px) 100vw, 500px\" \/><\/a> acompa\u00f1an a los participantes de diferentes localidades.<\/p>\n<p style=\"font-weight: 400;\">Distintas \u00e1reas de la Municipalidad colaboraron con la log\u00edstica del evento, aportando cada una desde su sector para lograr el resultado final, consagrando a esta edici\u00f3n del 2026 con la convocatoria de 32 ni\u00f1os y ni\u00f1as el d\u00eda s\u00e1bado y 80 atletas el domingo, provenientes desde diferentes lugares para dar la jerarqu\u00eda deportiva al Tria de Goya.<\/p>\n","protected":false},"excerpt":{"rendered":"<p>La gesti\u00f3n municipal llev\u00f3 adelante la edici\u00f3n n\u00famero 17 del Triatl\u00f3n Ciudad de Goya, la organizaci\u00f3n desde Direcci\u00f3n de Deportes para la convocatoria durante el fin de semana gener\u00f3 un atractivo de relevancia en la ciudad. La decisi\u00f3n desde la gesti\u00f3n del intendente Mariano Hormechea, permite generar estos atractivos que adem\u00e1s de tratarse de un [&hellip;]<\/p>\n","protected":false},"author":4,"featured_media":146431,"comment_status":"closed","ping_status":"closed","sticky":false,"template":"","format":"standard","meta":{"footnotes":""},"categories":[45],"tags":[],"class_list":{"0":"post-146427","1":"post","2":"type-post","3":"status-publish","4":"format-standard","5":"has-post-thumbnail","7":"category-locales"},"_links":{"self":[{"href":"https:\/\/revistaesperanzas.com\/web\/wp-json\/wp\/v2\/posts\/146427","targetHints":{"allow":["GET"]}}],"collection":[{"href":"https:\/\/revistaesperanzas.com\/web\/wp-json\/wp\/v2\/posts"}],"about":[{"href":"https:\/\/revistaesperanzas.com\/web\/wp-json\/wp\/v2\/types\/post"}],"author":[{"embeddable":true,"href":"https:\/\/revistaesperanzas.com\/web\/wp-json\/wp\/v2\/users\/4"}],"replies":[{"embeddable":true,"href":"https:\/\/revistaesperanzas.com\/web\/wp-json\/wp\/v2\/comments?post=146427"}],"version-history":[{"count":2,"href":"https:\/\/revistaesperanzas.com\/web\/wp-json\/wp\/v2\/posts\/146427\/revisions"}],"predecessor-version":[{"id":146433,"href":"https:\/\/revistaesperanzas.com\/web\/wp-json\/wp\/v2\/posts\/146427\/revisions\/146433"}],"wp:featuredmedia":[{"embeddable":true,"href":"https:\/\/revistaesperanzas.com\/web\/wp-json\/wp\/v2\/media\/146431"}],"wp:attachment":[{"href":"https:\/\/revistaesperanzas.com\/web\/wp-json\/wp\/v2\/media?parent=146427"}],"wp:term":[{"taxonomy":"category","embeddable":true,"href":"https:\/\/revistaesperanzas.com\/web\/wp-json\/wp\/v2\/categories?post=146427"},{"taxonomy":"post_tag","embeddable":true,"href":"https:\/\/revistaesperanzas.com\/web\/wp-json\/wp\/v2\/tags?post=146427"}],"curies":[{"name":"wp","href":"https:\/\/api.w.org\/{rel}","templated":true}]}}