{"id":146434,"date":"2026-03-09T21:41:46","date_gmt":"2026-03-10T00:41:46","guid":{"rendered":"https:\/\/revistaesperanzas.com\/web\/?p=146434"},"modified":"2026-03-09T21:41:46","modified_gmt":"2026-03-10T00:41:46","slug":"el-dr-damian-pini-asumira-la-asesoria-letrada-de-la-municipalidad","status":"publish","type":"post","link":"https:\/\/revistaesperanzas.com\/web\/2026\/03\/el-dr-damian-pini-asumira-la-asesoria-letrada-de-la-municipalidad\/","title":{"rendered":"EL DR. DAMIAN PINI ASUMIR\u00c1 LA ASESOR\u00cdA LETRADA DE LA MUNICIPALIDAD"},"content":{"rendered":"<p style=\"font-weight: 400;\">El intendente Mariano Hormaechea, desde sus redes oficiales anunci\u00f3 que el Dr. Dami\u00e1n Pini, integrante del equipo municipal, asumir\u00e1 las funciones de Asesor Letrado de la Municipalidad.<\/p>\n<p style=\"font-weight: 400;\">En la informaci\u00f3n descrita en sus redes, se\u00f1ala: \u201cComunicamos que el Dr. Dami\u00e1n Pini integrante de nuestro equipo de funcionarios, asumir\u00e1 la responsabilidad de Asesor Letrado de la Municipalidad de Goya. Seguimos consolidando una gesti\u00f3n con institucionalidad, transparencia y compromiso\u201d. #Goya hacia Adelante.<\/p>\n","protected":false},"excerpt":{"rendered":"<p>El intendente Mariano Hormaechea, desde sus redes oficiales anunci\u00f3 que el Dr. Dami\u00e1n Pini, integrante del equipo municipal, asumir\u00e1 las funciones de Asesor Letrado de la Municipalidad. En la informaci\u00f3n descrita en sus redes, se\u00f1ala: \u201cComunicamos que el Dr. Dami\u00e1n Pini integrante de nuestro equipo de funcionarios, asumir\u00e1 la responsabilidad de Asesor Letrado de la [&hellip;]<\/p>\n","protected":false},"author":4,"featured_media":146435,"comment_status":"closed","ping_status":"closed","sticky":false,"template":"","format":"standard","meta":{"footnotes":""},"categories":[45],"tags":[],"class_list":{"0":"post-146434","1":"post","2":"type-post","3":"status-publish","4":"format-standard","5":"has-post-thumbnail","7":"category-locales"},"_links":{"self":[{"href":"https:\/\/revistaesperanzas.com\/web\/wp-json\/wp\/v2\/posts\/146434","targetHints":{"allow":["GET"]}}],"collection":[{"href":"https:\/\/revistaesperanzas.com\/web\/wp-json\/wp\/v2\/posts"}],"about":[{"href":"https:\/\/revistaesperanzas.com\/web\/wp-json\/wp\/v2\/types\/post"}],"author":[{"embeddable":true,"href":"https:\/\/revistaesperanzas.com\/web\/wp-json\/wp\/v2\/users\/4"}],"replies":[{"embeddable":true,"href":"https:\/\/revistaesperanzas.com\/web\/wp-json\/wp\/v2\/comments?post=146434"}],"version-history":[{"count":1,"href":"https:\/\/revistaesperanzas.com\/web\/wp-json\/wp\/v2\/posts\/146434\/revisions"}],"predecessor-version":[{"id":146436,"href":"https:\/\/revistaesperanzas.com\/web\/wp-json\/wp\/v2\/posts\/146434\/revisions\/146436"}],"wp:featuredmedia":[{"embeddable":true,"href":"https:\/\/revistaesperanzas.com\/web\/wp-json\/wp\/v2\/media\/146435"}],"wp:attachment":[{"href":"https:\/\/revistaesperanzas.com\/web\/wp-json\/wp\/v2\/media?parent=146434"}],"wp:term":[{"taxonomy":"category","embeddable":true,"href":"https:\/\/revistaesperanzas.com\/web\/wp-json\/wp\/v2\/categories?post=146434"},{"taxonomy":"post_tag","embeddable":true,"href":"https:\/\/revistaesperanzas.com\/web\/wp-json\/wp\/v2\/tags?post=146434"}],"curies":[{"name":"wp","href":"https:\/\/api.w.org\/{rel}","templated":true}]}}