{"id":146437,"date":"2026-03-09T21:44:09","date_gmt":"2026-03-10T00:44:09","guid":{"rendered":"https:\/\/revistaesperanzas.com\/web\/?p=146437"},"modified":"2026-03-09T21:44:09","modified_gmt":"2026-03-10T00:44:09","slug":"ana-maria-trainini-recibira-el-premio-onix-maestro","status":"publish","type":"post","link":"https:\/\/revistaesperanzas.com\/web\/2026\/03\/ana-maria-trainini-recibira-el-premio-onix-maestro\/","title":{"rendered":"ANA MAR\u00cdA TRAININI RECIBIR\u00c1 EL PREMIO ONIX MAESTRO"},"content":{"rendered":"<p style=\"font-weight: 400;\">En el marco del 193\u00ba Congreso Internacional de Danza Itinerante CIAD, que se llevar\u00e1 a cabo en el Sal\u00f3n Viraro (10\u00ba Piso) del Grand Turismo Hotel Casino de la ciudad de<a href=\"https:\/\/revistaesperanzas.com\/web\/2026\/03\/ana-maria-trainini-recibira-el-premio-onix-maestro\/distincion-a-ana-maria-trainini-fluyr-carta\/\" rel=\"attachment wp-att-146439\"><img loading=\"lazy\" decoding=\"async\" class=\" wp-image-146439 alignright\" src=\"https:\/\/revistaesperanzas.com\/web\/wp-content\/uploads\/2026\/03\/distincion-a-Ana-Maria-Trainini-Fluyr-carta.jpg\" alt=\"\" width=\"440\" height=\"550\" srcset=\"https:\/\/revistaesperanzas.com\/web\/wp-content\/uploads\/2026\/03\/distincion-a-Ana-Maria-Trainini-Fluyr-carta.jpg 600w, https:\/\/revistaesperanzas.com\/web\/wp-content\/uploads\/2026\/03\/distincion-a-Ana-Maria-Trainini-Fluyr-carta-336x420.jpg 336w\" sizes=\"auto, (max-width: 440px) 100vw, 440px\" \/><\/a> Corrientes, la profesora goyana recibir\u00e1 la mencionada distinci\u00f3n.<\/p>\n<p style=\"font-weight: 400;\">La invitaci\u00f3n es cursada desde la Federaci\u00f3n Argentina de Profesionales de Danza-FAPD, Confederaci\u00f3n Mundial de Profesionales de Danza-CIAD, en la cual se\u00f1alan la designaci\u00f3n para recibir el Premio ONIX Maestro.<\/p>\n<p style=\"font-weight: 400;\">En las consideraciones para tal distinci\u00f3n sostienen: \u201cCreemos que la labor desempe\u00f1ada en la ense\u00f1anza de la danza ha demostrado suficientemente vuestra capacidad y excelencia, lo que contribuye a que nuestra profesi\u00f3n sea digna, seria y respetada. Todo eso hace que sus pares agrupados, reconozcan p\u00fablicamente vuestro sobresaliente desempe\u00f1o\u201d.<\/p>\n<p style=\"font-weight: 400;\">La invitaci\u00f3n concluye, indicando que \u201cser\u00e1 un alto honor contarlas entre las agasajadas\u201d.<\/p>\n<p style=\"font-weight: 400;\">La ceremonia se desarrollar\u00e1 el pr\u00f3ximo 18 de abril en la ciudad de Corrientes, en la cual la creadora y directora del Ballet Municipal de Goya, recibir\u00e1 la referida distinci\u00f3n.<\/p>\n","protected":false},"excerpt":{"rendered":"<p>En el marco del 193\u00ba Congreso Internacional de Danza Itinerante CIAD, que se llevar\u00e1 a cabo en el Sal\u00f3n Viraro (10\u00ba Piso) del Grand Turismo Hotel Casino de la ciudad de Corrientes, la profesora goyana recibir\u00e1 la mencionada distinci\u00f3n. La invitaci\u00f3n es cursada desde la Federaci\u00f3n Argentina de Profesionales de Danza-FAPD, Confederaci\u00f3n Mundial de Profesionales [&hellip;]<\/p>\n","protected":false},"author":4,"featured_media":146438,"comment_status":"closed","ping_status":"closed","sticky":false,"template":"","format":"standard","meta":{"footnotes":""},"categories":[45],"tags":[],"class_list":{"0":"post-146437","1":"post","2":"type-post","3":"status-publish","4":"format-standard","5":"has-post-thumbnail","7":"category-locales"},"_links":{"self":[{"href":"https:\/\/revistaesperanzas.com\/web\/wp-json\/wp\/v2\/posts\/146437","targetHints":{"allow":["GET"]}}],"collection":[{"href":"https:\/\/revistaesperanzas.com\/web\/wp-json\/wp\/v2\/posts"}],"about":[{"href":"https:\/\/revistaesperanzas.com\/web\/wp-json\/wp\/v2\/types\/post"}],"author":[{"embeddable":true,"href":"https:\/\/revistaesperanzas.com\/web\/wp-json\/wp\/v2\/users\/4"}],"replies":[{"embeddable":true,"href":"https:\/\/revistaesperanzas.com\/web\/wp-json\/wp\/v2\/comments?post=146437"}],"version-history":[{"count":2,"href":"https:\/\/revistaesperanzas.com\/web\/wp-json\/wp\/v2\/posts\/146437\/revisions"}],"predecessor-version":[{"id":146441,"href":"https:\/\/revistaesperanzas.com\/web\/wp-json\/wp\/v2\/posts\/146437\/revisions\/146441"}],"wp:featuredmedia":[{"embeddable":true,"href":"https:\/\/revistaesperanzas.com\/web\/wp-json\/wp\/v2\/media\/146438"}],"wp:attachment":[{"href":"https:\/\/revistaesperanzas.com\/web\/wp-json\/wp\/v2\/media?parent=146437"}],"wp:term":[{"taxonomy":"category","embeddable":true,"href":"https:\/\/revistaesperanzas.com\/web\/wp-json\/wp\/v2\/categories?post=146437"},{"taxonomy":"post_tag","embeddable":true,"href":"https:\/\/revistaesperanzas.com\/web\/wp-json\/wp\/v2\/tags?post=146437"}],"curies":[{"name":"wp","href":"https:\/\/api.w.org\/{rel}","templated":true}]}}