{"id":146462,"date":"2026-03-10T08:17:19","date_gmt":"2026-03-10T11:17:19","guid":{"rendered":"https:\/\/revistaesperanzas.com\/web\/?p=146462"},"modified":"2026-03-10T08:17:19","modified_gmt":"2026-03-10T11:17:19","slug":"cuadernos-el-tribunal-define-si-continua-el-juicio-contra-cristina-kirichner-ex-funcionarios-y-empresarios","status":"publish","type":"post","link":"https:\/\/revistaesperanzas.com\/web\/2026\/03\/cuadernos-el-tribunal-define-si-continua-el-juicio-contra-cristina-kirichner-ex-funcionarios-y-empresarios\/","title":{"rendered":"CUADERNOS: EL TRIBUNAL &#8220;DEFINE&#8221; SI CONTIN\u00daA EL JUICIO CONTRA CRISTINA KIRICHNER, EX FUNCIONARIOS Y EMPRESARIOS"},"content":{"rendered":"<header class=\"article-header-wrapper\">\n<div class=\"article-header with-follow-button-ctn\">\n<p class=\"article-subheadline text_align_left\"><span style=\"font-size: 12pt;\"><span style=\"color: #ff9900;\">www.infobae.com<\/span><strong>\u00a0 &#8211;\u00a0 El Tribunal Oral Federal N\u00b07 resolver\u00e1 este martes las cuestiones preliminares planteadas por las defensas en el juicio iniciado por las anotaciones del chofer Oscar Centeno, donde se analizan presuntos sobornos en la obra p\u00fablica entre 2003 y 2015<\/strong><\/span><\/p>\n<\/div>\n<\/header>\n<article class=\"article\">\n<div class=\"body-article \">\n<div class=\"visual__image image-initial-width\"><picture><source srcset=\"https:\/\/www.infobae.com\/resizer\/v2\/Q7WHQVKPHZDRBJNYKY2IE6R54I.jpg?auth=7b11eff45857e01583988dd5796c2b24be0e75499d983ac0cd819c9f3c4def47&amp;smart=true&amp;width=992&amp;height=660&amp;quality=85\" media=\"(min-width: 1000px)\" \/><source srcset=\"https:\/\/www.infobae.com\/resizer\/v2\/Q7WHQVKPHZDRBJNYKY2IE6R54I.jpg?auth=7b11eff45857e01583988dd5796c2b24be0e75499d983ac0cd819c9f3c4def47&amp;smart=true&amp;width=768&amp;height=511&amp;quality=85\" media=\"(min-width: 768px)\" \/><source srcset=\"https:\/\/www.infobae.com\/resizer\/v2\/Q7WHQVKPHZDRBJNYKY2IE6R54I.jpg?auth=7b11eff45857e01583988dd5796c2b24be0e75499d983ac0cd819c9f3c4def47&amp;smart=true&amp;width=577&amp;height=384&amp;quality=85\" media=\"(min-width: 580px)\" \/><source srcset=\"https:\/\/www.infobae.com\/resizer\/v2\/Q7WHQVKPHZDRBJNYKY2IE6R54I.jpg?auth=7b11eff45857e01583988dd5796c2b24be0e75499d983ac0cd819c9f3c4def47&amp;smart=true&amp;width=420&amp;height=279&amp;quality=85\" media=\"(min-width: 350px)\" \/><source srcset=\"https:\/\/www.infobae.com\/resizer\/v2\/Q7WHQVKPHZDRBJNYKY2IE6R54I.jpg?auth=7b11eff45857e01583988dd5796c2b24be0e75499d983ac0cd819c9f3c4def47&amp;smart=true&amp;width=350&amp;height=233&amp;quality=85\" media=\"(min-width: 80px)\" \/><img loading=\"lazy\" decoding=\"async\" class=\"global-image\" src=\"https:\/\/www.infobae.com\/resizer\/v2\/Q7WHQVKPHZDRBJNYKY2IE6R54I.jpg?auth=7b11eff45857e01583988dd5796c2b24be0e75499d983ac0cd819c9f3c4def47&amp;smart=true&amp;width=350&amp;height=233&amp;quality=85\" alt=\"El Tribunal Oral Federal N\u00b07\" width=\"5015\" height=\"3337\" \/><\/picture>El Tribunal Oral Federal N\u00b07 reanudar\u00e1 este martes el juicio por la causa Cuadernos, que investiga presuntos sobornos en la obra p\u00fablica durante los gobiernos kirchneristas (RS Fotos)<\/div>\n<div><\/div>\n<p class=\"paragraph\" data-mrf-recirculation=\"Links inline\">El\u00a0<b>juicio por la causa Cuadernos<\/b>\u00a0se reanudar\u00e1 este martes a las 9 ante el\u00a0<b>Tribunal Oral en lo Criminal Federal N\u00b07<\/b>, en una audiencia que aparece como determinante para el rumbo inmediato del proceso. Los magistrados deber\u00e1n resolver las\u00a0<b>cuestiones preliminares<\/b>\u00a0planteadas durante el \u00faltimo mes por las defensas de los imputados, que incluyen pedidos de\u00a0<b>nulidad absoluta del expediente<\/b>, planteos de\u00a0<b>prescripci\u00f3n<\/b>, recusaciones y solicitudes de\u00a0<b>sobreseimiento<\/b>.<\/p>\n<p class=\"paragraph\" data-mrf-recirculation=\"Links inline\">El debate est\u00e1 en manos de los jueces\u00a0<b>Enrique M\u00e9ndez Signori, Germ\u00e1n Castelli y Fernando Canero<\/b>, y tramita bajo el\u00a0<b>expediente N\u00b0 9608\/2018<\/b>, caratulado \u201c<b>Fern\u00e1ndez, Cristina Elisabet\u00a0<\/b>y otros s\/\u00a0<b>asociaci\u00f3n il\u00edcita<\/b>\u00a0y otros\u201d. Se trata, en efecto, de una de los casos judiciales m\u00e1s relevantes vinculados a presuntos hechos de\u00a0<b>corrupci\u00f3n en la obra p\u00fablica<\/b>\u00a0durante los gobiernos kirchneristas.<\/p>\n<div class=\"inline ad-wrapper\">\n<div class=\"dfpAd ad-inline\">\n<div id=\"infobae\/judiciales\/nota\/inline\" class=\"infobae\/judiciales\/nota\/inline arcad\" data-google-query-id=\"CPnF7fiXlZMDFYWDYQYdHVsRTA\">\n<div id=\"google_ads_iframe_\/1058609\/infobae\/judiciales\/nota\/inline_0__container__\">El proceso comenz\u00f3 formalmente el <b>6 de noviembre de 2025<\/b>\u00a0y desde entonces se lleva adelante bajo\u00a0<b>modalidad virtual<\/b>, con audiencias programadas los\u00a0<b>martes y jueves<\/b>. Durante las primeras jornadas se realiz\u00f3 la lectura de los\u00a0<b>requerimientos de elevaci\u00f3n a juicio<\/b>\u00a0elaborados en la etapa de instrucci\u00f3n, un tr\u00e1mite que se extendi\u00f3 a lo largo de varias audiencias y demand\u00f3 m\u00e1s de\u00a0<b>veinte horas de exposici\u00f3n de acusaciones<\/b>.<\/div>\n<\/div>\n<\/div>\n<\/div>\n<div class=\"visual__image\"><picture><source srcset=\"https:\/\/www.infobae.com\/resizer\/v2\/HEM63J5GTRB4ZJE5FZ3WFNDYSQ.jpg?auth=2de83678b2073618c2d4d0ce812f77efeaa2386042c6ed6c4e41d25ddce170ad&amp;smart=true&amp;width=992&amp;height=661&amp;quality=85\" media=\"(min-width: 1000px)\" \/><source srcset=\"https:\/\/www.infobae.com\/resizer\/v2\/HEM63J5GTRB4ZJE5FZ3WFNDYSQ.jpg?auth=2de83678b2073618c2d4d0ce812f77efeaa2386042c6ed6c4e41d25ddce170ad&amp;smart=true&amp;width=768&amp;height=512&amp;quality=85\" media=\"(min-width: 768px)\" \/><source srcset=\"https:\/\/www.infobae.com\/resizer\/v2\/HEM63J5GTRB4ZJE5FZ3WFNDYSQ.jpg?auth=2de83678b2073618c2d4d0ce812f77efeaa2386042c6ed6c4e41d25ddce170ad&amp;smart=true&amp;width=577&amp;height=385&amp;quality=85\" media=\"(min-width: 580px)\" \/><source srcset=\"https:\/\/www.infobae.com\/resizer\/v2\/HEM63J5GTRB4ZJE5FZ3WFNDYSQ.jpg?auth=2de83678b2073618c2d4d0ce812f77efeaa2386042c6ed6c4e41d25ddce170ad&amp;smart=true&amp;width=420&amp;height=280&amp;quality=85\" media=\"(min-width: 350px)\" \/><source srcset=\"https:\/\/www.infobae.com\/resizer\/v2\/HEM63J5GTRB4ZJE5FZ3WFNDYSQ.jpg?auth=2de83678b2073618c2d4d0ce812f77efeaa2386042c6ed6c4e41d25ddce170ad&amp;smart=true&amp;width=350&amp;height=233&amp;quality=85\" media=\"(min-width: 80px)\" \/><img loading=\"lazy\" decoding=\"async\" class=\"global-image\" src=\"https:\/\/www.infobae.com\/resizer\/v2\/HEM63J5GTRB4ZJE5FZ3WFNDYSQ.jpg?auth=2de83678b2073618c2d4d0ce812f77efeaa2386042c6ed6c4e41d25ddce170ad&amp;smart=true&amp;width=350&amp;height=233&amp;quality=85\" alt=\"En el proceso est\u00e1n imputados\" width=\"4173\" height=\"2782\" \/><\/picture>En el proceso est\u00e1n imputados Cristina Fern\u00e1ndez de Kirchner, Julio De Vido y Jos\u00e9 L\u00f3pez, junto a empresarios acusados en la investigaci\u00f3n por corrupci\u00f3n en la obra p\u00fablica (EFE\/Mat\u00edas Martin Campaya)<\/div>\n<div><\/div>\n<p class=\"paragraph\" data-mrf-recirculation=\"Links inline\">Finalizada esa instancia, el expediente ingres\u00f3 en el tramo de\u00a0<b>cuestiones preliminares<\/b>, etapa en la que las defensas formularon diversos cuestionamientos vinculados con la validez del proceso y la continuidad del debate oral. Entre los planteos presentados se incluyeron pedidos de nulidad, objeciones sobre la prescripci\u00f3n de hechos investigados, recusaciones contra funcionarios judiciales y solicitudes de sobreseimiento.<\/p>\n<div class=\"inline_2_DSK ad-wrapper ad-desktop\">\n<div class=\"dfpAd ad-inline\">\n<div id=\"infobae\/judiciales\/nota\/inline_2_DSK\" class=\"infobae\/judiciales\/nota\/inline_2_DSK arcad\" data-google-query-id=\"CJeQg_mXlZMDFfs3uQYdNiwL5w\">\n<div id=\"google_ads_iframe_\/1058609\/infobae\/judiciales\/nota\/inline_2_DSK_0__container__\">Las audiencias destinadas a este segmento se extendieron durante aproximadamente <b>un mes<\/b>. La\u00a0<b>fiscal general Fabiana Le\u00f3n<\/b>, representante del\u00a0<b>Ministerio P\u00fablico Fiscal<\/b>, rechaz\u00f3 cada uno de los planteos y solicit\u00f3 al tribunal que los desestime para permitir que el proceso avance hacia sus fases centrales.<\/div>\n<div><\/div>\n<\/div>\n<\/div>\n<\/div>\n<p class=\"paragraph\" data-mrf-recirculation=\"Links inline\">En caso de que los jueces desestimen los planteos, quedar\u00e1n habilitados para fijar, si lo consideran necesario, un\u00a0<b>nuevo cronograma<\/b>\u00a0que organice fechas y modalidad de las pr\u00f3ximas audiencias.<\/p>\n<p class=\"paragraph\" data-mrf-recirculation=\"Links inline\">En ese contexto, la fiscal Le\u00f3n anticip\u00f3 que insistir\u00e1 en una cuesti\u00f3n adicional: que el debate se realice de manera\u00a0<b>presencial<\/b>\u00a0en los tribunales federales de\u00a0<b>Comodoro Py<\/b>, en lugar de continuar bajo la modalidad virtual vigente desde su inicio. Seg\u00fan indicaron fuentes cercanas a la acusaci\u00f3n, el\u00a0<b>Ministerio P\u00fablico Fiscal<\/b>\u00a0considera que la realizaci\u00f3n del proceso en una sala de audiencias podr\u00eda aportar mayor claridad al desarrollo del caso.<\/p>\n<div class=\"visual__image\"><picture><source srcset=\"https:\/\/www.infobae.com\/resizer\/v2\/DLVPXLAXRRADZNTPYURLMINVY4.jpg?auth=87f8f7ee398c588ad230712d9907c898912e263d8d5c5eb192c89785ac4c7683&amp;smart=true&amp;width=992&amp;height=661&amp;quality=85\" media=\"(min-width: 1000px)\" \/><source srcset=\"https:\/\/www.infobae.com\/resizer\/v2\/DLVPXLAXRRADZNTPYURLMINVY4.jpg?auth=87f8f7ee398c588ad230712d9907c898912e263d8d5c5eb192c89785ac4c7683&amp;smart=true&amp;width=768&amp;height=512&amp;quality=85\" media=\"(min-width: 768px)\" \/><source srcset=\"https:\/\/www.infobae.com\/resizer\/v2\/DLVPXLAXRRADZNTPYURLMINVY4.jpg?auth=87f8f7ee398c588ad230712d9907c898912e263d8d5c5eb192c89785ac4c7683&amp;smart=true&amp;width=577&amp;height=385&amp;quality=85\" media=\"(min-width: 580px)\" \/><source srcset=\"https:\/\/www.infobae.com\/resizer\/v2\/DLVPXLAXRRADZNTPYURLMINVY4.jpg?auth=87f8f7ee398c588ad230712d9907c898912e263d8d5c5eb192c89785ac4c7683&amp;smart=true&amp;width=420&amp;height=280&amp;quality=85\" media=\"(min-width: 350px)\" \/><source srcset=\"https:\/\/www.infobae.com\/resizer\/v2\/DLVPXLAXRRADZNTPYURLMINVY4.jpg?auth=87f8f7ee398c588ad230712d9907c898912e263d8d5c5eb192c89785ac4c7683&amp;smart=true&amp;width=350&amp;height=233&amp;quality=85\" media=\"(min-width: 80px)\" \/><img loading=\"lazy\" decoding=\"async\" class=\"global-image\" src=\"https:\/\/www.infobae.com\/resizer\/v2\/DLVPXLAXRRADZNTPYURLMINVY4.jpg?auth=87f8f7ee398c588ad230712d9907c898912e263d8d5c5eb192c89785ac4c7683&amp;smart=true&amp;width=350&amp;height=233&amp;quality=85\" alt=\"La fiscal general Fabiana Le\u00f3n\" width=\"921\" height=\"614\" \/><\/picture>La fiscal general Fabiana Le\u00f3n pidi\u00f3 rechazar los planteos de nulidad y avanzar con el juicio por la causa Cuadernos<\/div>\n<div><\/div>\n<p class=\"paragraph\" data-mrf-recirculation=\"Links inline\">Las mismas fuentes se\u00f1alaron adem\u00e1s que la fiscal\u00eda entiende que\u00a0<b>ninguno de los planteos de nulidad<\/b>\u00a0presentados por las diferentes defensas deber\u00eda prosperar. Tambi\u00e9n advirtieron que, desde su perspectiva, existe\u00a0<b>riesgo de prescripci\u00f3n<\/b>\u00a0respecto de algunos de los delitos investigados si el tr\u00e1mite se dilata como consecuencia de lo que consideran\u00a0<b>estrategias dilatorias<\/b>.<\/p>\n<p class=\"paragraph\" data-mrf-recirculation=\"Links inline\">Mientras el tribunal se prepara para resolver esas cuestiones, en las \u00faltimas horas se abri\u00f3 un\u00a0<b>incidente reservado<\/b>\u00a0vinculado al estado de salud del ex secretario de\u00a0<b>Obras P\u00fablicas Jos\u00e9 L\u00f3pez<\/b>, uno de los imputados en la causa y adem\u00e1s\u00a0<b>imputado colaborador<\/b>\u00a0durante la investigaci\u00f3n.<\/p>\n<p class=\"paragraph\" data-mrf-recirculation=\"Links inline\">De acuerdo con fuentes del caso, se trata de un planteo orientado a determinar si el exfuncionario se encuentra en condiciones de continuar afrontando el proceso por\u00a0<b>razones m\u00e9dicas<\/b>. La solicitud fue presentada por su defensora oficial,\u00a0<b>Pamela Bisserier<\/b>, quien pidi\u00f3 que\u00a0<b>L\u00f3pez sea apartado del debate<\/b>\u00a0al sostener que actualmente no estar\u00eda en condiciones de ejercer plenamente su derecho de defensa.<\/p>\n<p class=\"paragraph\" data-mrf-recirculation=\"Links inline\">La cuesti\u00f3n deber\u00e1 ser analizada por los magistrados en un incidente separado que se tramita con\u00a0<b>car\u00e1cter reservado<\/b>.<\/p>\n<div class=\"visual__image\"><picture><source srcset=\"https:\/\/www.infobae.com\/resizer\/v2\/SRBQ7OIH3FF57OB4U4GW3P3TZE.png?auth=7676d62e1120ada08ff9b3c37ba9b0ca93c1fa9e8656729f5a6981a5cd0effe0&amp;smart=true&amp;width=992&amp;height=547&amp;quality=85\" media=\"(min-width: 1000px)\" \/><source srcset=\"https:\/\/www.infobae.com\/resizer\/v2\/SRBQ7OIH3FF57OB4U4GW3P3TZE.png?auth=7676d62e1120ada08ff9b3c37ba9b0ca93c1fa9e8656729f5a6981a5cd0effe0&amp;smart=true&amp;width=768&amp;height=424&amp;quality=85\" media=\"(min-width: 768px)\" \/><source srcset=\"https:\/\/www.infobae.com\/resizer\/v2\/SRBQ7OIH3FF57OB4U4GW3P3TZE.png?auth=7676d62e1120ada08ff9b3c37ba9b0ca93c1fa9e8656729f5a6981a5cd0effe0&amp;smart=true&amp;width=577&amp;height=318&amp;quality=85\" media=\"(min-width: 580px)\" \/><source srcset=\"https:\/\/www.infobae.com\/resizer\/v2\/SRBQ7OIH3FF57OB4U4GW3P3TZE.png?auth=7676d62e1120ada08ff9b3c37ba9b0ca93c1fa9e8656729f5a6981a5cd0effe0&amp;smart=true&amp;width=420&amp;height=232&amp;quality=85\" media=\"(min-width: 350px)\" \/><source srcset=\"https:\/\/www.infobae.com\/resizer\/v2\/SRBQ7OIH3FF57OB4U4GW3P3TZE.png?auth=7676d62e1120ada08ff9b3c37ba9b0ca93c1fa9e8656729f5a6981a5cd0effe0&amp;smart=true&amp;width=350&amp;height=193&amp;quality=85\" media=\"(min-width: 80px)\" \/><img loading=\"lazy\" decoding=\"async\" class=\"global-image\" src=\"https:\/\/www.infobae.com\/resizer\/v2\/SRBQ7OIH3FF57OB4U4GW3P3TZE.png?auth=7676d62e1120ada08ff9b3c37ba9b0ca93c1fa9e8656729f5a6981a5cd0effe0&amp;smart=true&amp;width=350&amp;height=193&amp;quality=85\" alt=\"El ex secretario de Obras\" width=\"680\" height=\"375\" \/><\/picture>El ex secretario de Obras P\u00fablicas Jos\u00e9 L\u00f3pez, imputado y arrepentido en la causa Cuadernos, enfrenta un incidente judicial por su estado de salud.<\/div>\n<div><\/div>\n<div class=\"visual__image\">L\u00f3pez ocupa un lugar central dentro de la investigaci\u00f3n. Durante la etapa de instrucci\u00f3n se acogi\u00f3 al r\u00e9gimen del\u00a0<b>imputado colaborador<\/b>, previsto en la\u00a0<b>Ley del Arrepentido<\/b>, y aport\u00f3 informaci\u00f3n sobre el presunto funcionamiento del sistema de corrupci\u00f3n investigado. En audiencias anteriores hab\u00eda anticipado su intenci\u00f3n de declarar durante el juicio.<\/div>\n<div><\/div>\n<p class=\"paragraph\" data-mrf-recirculation=\"Links inline\">El ex secretario de Obras P\u00fablicas del kirchnerismo adquiri\u00f3 notoriedad p\u00fablica en\u00a0<b>2016<\/b>, cuando fue detenido mientras intentaba ocultar\u00a0<b>bolsos con millones de d\u00f3lares<\/b>\u00a0en un convento de la localidad bonaerense de\u00a0<b>General Rodr\u00edguez<\/b>. Actualmente cumple una condena firme de\u00a0<b>seis a\u00f1os de prisi\u00f3n<\/b>\u00a0en la causa conocida como\u00a0<b>Vialidad<\/b>.<\/p>\n<p class=\"paragraph\" data-mrf-recirculation=\"Links inline\">En lo que respecta a la\u00a0<b>causa Cuadernos<\/b>, el proceso re\u00fane a\u00a0<b>86 imputados<\/b>:\u00a0<b>19 exfuncionarios<\/b>,\u00a0<b>65 empresarios<\/b>\u00a0y\u00a0<b>dos choferes<\/b>, entre ellos\u00a0<b>Oscar Centeno<\/b>, autor de las anotaciones que dieron origen a la pesquisa.<\/p>\n<div class=\"visual__image\"><picture><source srcset=\"https:\/\/www.infobae.com\/resizer\/v2\/W4QWK3OL3VBHJLOEBROHMQDGFM.jpg?auth=1fb0d8f1084fa5b689e4d722320d5d6a081ccd836d0d7b01a8c5e4d97c9c15f1&amp;smart=true&amp;width=992&amp;height=557&amp;quality=85\" media=\"(min-width: 1000px)\" \/><source srcset=\"https:\/\/www.infobae.com\/resizer\/v2\/W4QWK3OL3VBHJLOEBROHMQDGFM.jpg?auth=1fb0d8f1084fa5b689e4d722320d5d6a081ccd836d0d7b01a8c5e4d97c9c15f1&amp;smart=true&amp;width=768&amp;height=432&amp;quality=85\" media=\"(min-width: 768px)\" \/><source srcset=\"https:\/\/www.infobae.com\/resizer\/v2\/W4QWK3OL3VBHJLOEBROHMQDGFM.jpg?auth=1fb0d8f1084fa5b689e4d722320d5d6a081ccd836d0d7b01a8c5e4d97c9c15f1&amp;smart=true&amp;width=577&amp;height=324&amp;quality=85\" media=\"(min-width: 580px)\" \/><source srcset=\"https:\/\/www.infobae.com\/resizer\/v2\/W4QWK3OL3VBHJLOEBROHMQDGFM.jpg?auth=1fb0d8f1084fa5b689e4d722320d5d6a081ccd836d0d7b01a8c5e4d97c9c15f1&amp;smart=true&amp;width=420&amp;height=236&amp;quality=85\" media=\"(min-width: 350px)\" \/><source srcset=\"https:\/\/www.infobae.com\/resizer\/v2\/W4QWK3OL3VBHJLOEBROHMQDGFM.jpg?auth=1fb0d8f1084fa5b689e4d722320d5d6a081ccd836d0d7b01a8c5e4d97c9c15f1&amp;smart=true&amp;width=350&amp;height=197&amp;quality=85\" media=\"(min-width: 80px)\" \/><img loading=\"lazy\" decoding=\"async\" class=\"global-image\" src=\"https:\/\/www.infobae.com\/resizer\/v2\/W4QWK3OL3VBHJLOEBROHMQDGFM.jpg?auth=1fb0d8f1084fa5b689e4d722320d5d6a081ccd836d0d7b01a8c5e4d97c9c15f1&amp;smart=true&amp;width=350&amp;height=197&amp;quality=85\" alt=\"Oscar Centeno, ex chofer del\" width=\"678\" height=\"381\" \/><\/picture>Oscar Centeno, ex chofer del Ministerio de Planificaci\u00f3n, es el autor de los cuadernos que dieron origen a la causa Cuadernos por presunta corrupci\u00f3n en la obra p\u00fablica<\/div>\n<div><\/div>\n<p class=\"paragraph\" data-mrf-recirculation=\"Links inline\">Entre los principales acusados se encuentran la ex presidenta\u00a0<b>Cristina Fern\u00e1ndez de Kirchner\u00a0<\/b>y el ex ministro de\u00a0<b>Planificaci\u00f3n Federal Julio De Vido<\/b>,<b>\u00a0<\/b>junto a numerosos empresarios de distintos sectores. En rigor, para la fiscal\u00eda habr\u00eda funcionado, entre 2003 y 2015, un esquema de\u00a0<b>recaudaci\u00f3n ilegal<\/b>\u00a0proveniente de empresas de la construcci\u00f3n, energ\u00eda y transporte a cambio de\u00a0<b>contratos estatales o beneficios en la obra p\u00fablica<\/b>.<\/p>\n<p class=\"paragraph\" data-mrf-recirculation=\"Links inline\">Durante el \u00faltimo mes varias defensas cuestionaron la legalidad del proceso. La defensa de\u00a0<b>Fern\u00e1ndez de Kirchner<\/b>, encabezada por los abogados\u00a0<b>Carlos Beraldi y Ary Llernovoy<\/b>, solicit\u00f3 la\u00a0<b>nulidad total del expediente<\/b>\u00a0tras afirmar que la causa hab\u00eda estado viciada desde su origen por irregularidades en la asignaci\u00f3n del caso y por la utilizaci\u00f3n indebida de la figura del\u00a0<b>imputado colaborador<\/b>.<\/p>\n<p class=\"paragraph\" data-mrf-recirculation=\"Links inline\">Beraldi tambi\u00e9n cuestion\u00f3 la intervenci\u00f3n del fallecido juez federal\u00a0<b>Claudio Bonadio<\/b>\u00a0y del fiscal\u00a0<b>Carlos Stornelli<\/b>, al entender que la investigaci\u00f3n hab\u00eda sido direccionada para quedar en manos de esos funcionarios judiciales, lo que -seg\u00fan su argumento- vulner\u00f3 el\u00a0<b>principio del juez natural<\/b>. Otros imputados se alinearon con esta postura.<\/p>\n<div class=\"visual__image\"><picture><source srcset=\"https:\/\/www.infobae.com\/resizer\/v2\/SPRSKL4JENFKJPBYOPXMMO5COM.jpg?auth=0d4b772853ca60f9b33f59a1525d17956a1386f8bf67491b46e84c570775a8e4&amp;smart=true&amp;width=992&amp;height=661&amp;quality=85\" media=\"(min-width: 1000px)\" \/><source srcset=\"https:\/\/www.infobae.com\/resizer\/v2\/SPRSKL4JENFKJPBYOPXMMO5COM.jpg?auth=0d4b772853ca60f9b33f59a1525d17956a1386f8bf67491b46e84c570775a8e4&amp;smart=true&amp;width=768&amp;height=512&amp;quality=85\" media=\"(min-width: 768px)\" \/><source srcset=\"https:\/\/www.infobae.com\/resizer\/v2\/SPRSKL4JENFKJPBYOPXMMO5COM.jpg?auth=0d4b772853ca60f9b33f59a1525d17956a1386f8bf67491b46e84c570775a8e4&amp;smart=true&amp;width=577&amp;height=385&amp;quality=85\" media=\"(min-width: 580px)\" \/><source srcset=\"https:\/\/www.infobae.com\/resizer\/v2\/SPRSKL4JENFKJPBYOPXMMO5COM.jpg?auth=0d4b772853ca60f9b33f59a1525d17956a1386f8bf67491b46e84c570775a8e4&amp;smart=true&amp;width=420&amp;height=280&amp;quality=85\" media=\"(min-width: 350px)\" \/><source srcset=\"https:\/\/www.infobae.com\/resizer\/v2\/SPRSKL4JENFKJPBYOPXMMO5COM.jpg?auth=0d4b772853ca60f9b33f59a1525d17956a1386f8bf67491b46e84c570775a8e4&amp;smart=true&amp;width=350&amp;height=233&amp;quality=85\" media=\"(min-width: 80px)\" \/><img loading=\"lazy\" decoding=\"async\" class=\"global-image\" src=\"https:\/\/www.infobae.com\/resizer\/v2\/SPRSKL4JENFKJPBYOPXMMO5COM.jpg?auth=0d4b772853ca60f9b33f59a1525d17956a1386f8bf67491b46e84c570775a8e4&amp;smart=true&amp;width=350&amp;height=233&amp;quality=85\" alt=\"El abogado Carlos Beraldi, defensor\" width=\"5560\" height=\"3707\" \/><\/picture>El abogado Carlos Beraldi, defensor de Cristina Fern\u00e1ndez de Kirchner, pidi\u00f3 la nulidad del expediente en el juicio por la causa Cuadernos (REUTERS\/Matias Baglietto)<\/div>\n<div><\/div>\n<p class=\"paragraph\" data-mrf-recirculation=\"Links inline\">Con ese escenario, en la audiencia de este martes el TOF 7 deber\u00e1 desgranar cada planteo para determinar su procedencia. Si los jueces desestiman las objeciones y disponen la\u00a0<b>continuidad del juicio<\/b>, el debate dar\u00e1 curso a las\u00a0<b>declaraciones indagatorias\u00a0<\/b>de los imputados.<\/p>\n<p class=\"paragraph\" data-mrf-recirculation=\"Links inline\">En caso de que los acusados opten por no declarar, el tribunal podr\u00e1 avanzar directamente con la recepci\u00f3n de la\u00a0<b>prueba testimonial<\/b>.<\/p>\n<\/div>\n<\/article>\n","protected":false},"excerpt":{"rendered":"<p>www.infobae.com\u00a0 &#8211;\u00a0 El Tribunal Oral Federal N\u00b07 resolver\u00e1 este martes las cuestiones preliminares planteadas por las defensas en el juicio iniciado por las anotaciones del chofer Oscar Centeno, donde se analizan presuntos sobornos en la obra p\u00fablica entre 2003 y 2015 El Tribunal Oral Federal N\u00b07 reanudar\u00e1 este martes el juicio por la causa Cuadernos, [&hellip;]<\/p>\n","protected":false},"author":4,"featured_media":146463,"comment_status":"closed","ping_status":"closed","sticky":false,"template":"","format":"standard","meta":{"footnotes":""},"categories":[4],"tags":[],"class_list":{"0":"post-146462","1":"post","2":"type-post","3":"status-publish","4":"format-standard","5":"has-post-thumbnail","7":"category-nacionales"},"_links":{"self":[{"href":"https:\/\/revistaesperanzas.com\/web\/wp-json\/wp\/v2\/posts\/146462","targetHints":{"allow":["GET"]}}],"collection":[{"href":"https:\/\/revistaesperanzas.com\/web\/wp-json\/wp\/v2\/posts"}],"about":[{"href":"https:\/\/revistaesperanzas.com\/web\/wp-json\/wp\/v2\/types\/post"}],"author":[{"embeddable":true,"href":"https:\/\/revistaesperanzas.com\/web\/wp-json\/wp\/v2\/users\/4"}],"replies":[{"embeddable":true,"href":"https:\/\/revistaesperanzas.com\/web\/wp-json\/wp\/v2\/comments?post=146462"}],"version-history":[{"count":1,"href":"https:\/\/revistaesperanzas.com\/web\/wp-json\/wp\/v2\/posts\/146462\/revisions"}],"predecessor-version":[{"id":146464,"href":"https:\/\/revistaesperanzas.com\/web\/wp-json\/wp\/v2\/posts\/146462\/revisions\/146464"}],"wp:featuredmedia":[{"embeddable":true,"href":"https:\/\/revistaesperanzas.com\/web\/wp-json\/wp\/v2\/media\/146463"}],"wp:attachment":[{"href":"https:\/\/revistaesperanzas.com\/web\/wp-json\/wp\/v2\/media?parent=146462"}],"wp:term":[{"taxonomy":"category","embeddable":true,"href":"https:\/\/revistaesperanzas.com\/web\/wp-json\/wp\/v2\/categories?post=146462"},{"taxonomy":"post_tag","embeddable":true,"href":"https:\/\/revistaesperanzas.com\/web\/wp-json\/wp\/v2\/tags?post=146462"}],"curies":[{"name":"wp","href":"https:\/\/api.w.org\/{rel}","templated":true}]}}