{"id":146468,"date":"2026-03-10T08:43:24","date_gmt":"2026-03-10T11:43:24","guid":{"rendered":"https:\/\/revistaesperanzas.com\/web\/?p=146468"},"modified":"2026-03-10T08:43:24","modified_gmt":"2026-03-10T11:43:24","slug":"la-construccion-de-un-nuevo-armado-opositor-abre-un-gran-interrogante-sobre-el-lugar-que-ocupara-cristina-kirchner","status":"publish","type":"post","link":"https:\/\/revistaesperanzas.com\/web\/2026\/03\/la-construccion-de-un-nuevo-armado-opositor-abre-un-gran-interrogante-sobre-el-lugar-que-ocupara-cristina-kirchner\/","title":{"rendered":"LA CONSTRUCCI\u00d3N DE UN NUEVO ARMADO OPOSITOR ABRE UN GRAN INTERROGANTE SOBRE EL LUGAR QUE OCUPAR\u00c1 CRISTINA KIRCHNER"},"content":{"rendered":"<header class=\"article-header-wrapper\">\n<div class=\"article-header with-follow-button-ctn\">\n<p class=\"article-subheadline text_align_left\"><span style=\"font-size: 12pt;\"><strong>Por: <a class=\"author-name\" href=\"https:\/\/www.infobae.com\/autor\/joaquin-mugica-diaz\/\" aria-label=\"Joaqu\u00edn M\u00fagica D\u00edaz\">Joaqu\u00edn M\u00fagica D\u00edaz<\/a>\u00a0 &#8211;\u00a0 Kicillof avanza con su plan de acci\u00f3n presidencial sin el apoyo de la ex presidenta. Mientras, la C\u00e1mpora mantiene viva la campa\u00f1a por su libertad. El PJ federal y distintos sectores opositores no quieren que sea una figura predominante<\/strong><\/span><\/p>\n<\/div>\n<\/header>\n<article class=\"article\">\n<div class=\"body-article \">\n<div class=\"visual__image image-initial-width\"><picture><source srcset=\"https:\/\/www.infobae.com\/resizer\/v2\/EEDQYOSFBNBCRPR6IGL7QZEEHQ.jpeg?auth=1ff8d9f348bae9f694a6cf78a632a97e32e32143eea9e6302bdfeafa2cd2136e&amp;smart=true&amp;width=992&amp;height=660&amp;quality=85\" media=\"(min-width: 1000px)\" \/><source srcset=\"https:\/\/www.infobae.com\/resizer\/v2\/EEDQYOSFBNBCRPR6IGL7QZEEHQ.jpeg?auth=1ff8d9f348bae9f694a6cf78a632a97e32e32143eea9e6302bdfeafa2cd2136e&amp;smart=true&amp;width=768&amp;height=511&amp;quality=85\" media=\"(min-width: 768px)\" \/><source srcset=\"https:\/\/www.infobae.com\/resizer\/v2\/EEDQYOSFBNBCRPR6IGL7QZEEHQ.jpeg?auth=1ff8d9f348bae9f694a6cf78a632a97e32e32143eea9e6302bdfeafa2cd2136e&amp;smart=true&amp;width=577&amp;height=384&amp;quality=85\" media=\"(min-width: 580px)\" \/><source srcset=\"https:\/\/www.infobae.com\/resizer\/v2\/EEDQYOSFBNBCRPR6IGL7QZEEHQ.jpeg?auth=1ff8d9f348bae9f694a6cf78a632a97e32e32143eea9e6302bdfeafa2cd2136e&amp;smart=true&amp;width=420&amp;height=280&amp;quality=85\" media=\"(min-width: 350px)\" \/><source srcset=\"https:\/\/www.infobae.com\/resizer\/v2\/EEDQYOSFBNBCRPR6IGL7QZEEHQ.jpeg?auth=1ff8d9f348bae9f694a6cf78a632a97e32e32143eea9e6302bdfeafa2cd2136e&amp;smart=true&amp;width=350&amp;height=233&amp;quality=85\" media=\"(min-width: 80px)\" \/><img loading=\"lazy\" decoding=\"async\" class=\"global-image\" src=\"https:\/\/www.infobae.com\/resizer\/v2\/EEDQYOSFBNBCRPR6IGL7QZEEHQ.jpeg?auth=1ff8d9f348bae9f694a6cf78a632a97e32e32143eea9e6302bdfeafa2cd2136e&amp;smart=true&amp;width=350&amp;height=233&amp;quality=85\" alt=\"Cristina Kirchner volvi\u00f3 a salir\" width=\"1280\" height=\"852\" \/><\/picture>Cristina Kirchner volvi\u00f3 a salir al balc\u00f3n en la tarde de ayer, durante una marcha de la militancia por el 8M<\/div>\n<div><\/div>\n<p class=\"paragraph\" data-mrf-recirculation=\"Links inline\">\u201cSu detenci\u00f3n, su sustracci\u00f3n de la vida social y pol\u00edtica de la gente resiente aquello que no acompa\u00f1a este tipo de pol\u00edticas que lleva a cabo el actual Presidente. Restringen sus visitas de manera salvaje.\u00a0<b>El drama es que al recibir menos personas, hablas con menos gente. Pero ella se informa y mira todo\u201d.<\/b>\u00a0As\u00ed explic\u00f3\u00a0<b>M\u00e1ximo Kirchner<\/b>, durante una entrevista con\u00a0<i>Futurock<\/i>, el momento que vive su madre, quien cumple condena en su prisi\u00f3n domiciliaria de San Jos\u00e9 1111.<\/p>\n<p class=\"paragraph\" data-mrf-recirculation=\"Links inline\">Internamente, en el kirchnerismo aceptan que las restricciones impuestas por la justicia federal, limitan mucho el accionar pol\u00edtico de\u00a0<b>Cristina Kirchner<\/b>. La rosca. Tiene la posibilidad de ver a cuatro personas por semana repartidas en un total de seis horas en la misma cantidad de tiempo. Las trabas no solo son un freno para su accionar en el mundo donde siempre se movi\u00f3, sino que tambi\u00e9n han pegado en su estado de \u00e1nimo.<\/p>\n<div class=\"inline ad-wrapper\">\n<div class=\"dfpAd ad-inline\">\n<div id=\"infobae\/politica\/nota\/inline\" class=\"infobae\/politica\/nota\/inline arcad\" data-google-query-id=\"CIKYsfqelZMDFRc_uQYdW_cKnw\">\n<div id=\"google_ads_iframe_\/1058609\/infobae\/politica\/nota\/inline_0__container__\">Seg\u00fan algunos dirigentes que la visitaron o hablaron con ella en la \u00faltima semana, el <b>\u00e1nimo\u00a0<\/b>de la ex presidenta no es el mejor. El encierro empieza a pasar factura. Su invisibilidad medi\u00e1tica y en las redes parece ser solo temporal. O, tal vez, sea parte de una nueva etapa. Lo cierto es que en paralelo,\u00a0<b>CFK sigue activa y pendiente de que su base de poder se sostenga, y que el peronismo pueda tener una oferta electoral compacta el a\u00f1o que viene<\/b>.<\/div>\n<div><\/div>\n<\/div>\n<\/div>\n<\/div>\n<p class=\"paragraph\" data-mrf-recirculation=\"Links inline\">En los \u00faltimos d\u00edas empez\u00f3 a tomar estado p\u00fablico las conversaciones que la dirigencia opositora mantiene activas para poder construir un frente anti Milei el a\u00f1o que viene. Un esquema amplio, que rompa barreras internas en el peronismo, y que alcance a otros sectores donde flotan dirigentes con pasado en el PRO o presente en la UCR.<\/p>\n<div class=\"visual__image\"><picture><source srcset=\"https:\/\/www.infobae.com\/resizer\/v2\/PX6EA6RQJJEA7JGNPMH6AMKZ6Y.jpg?auth=232aa4ed40a0b5df61309e0a8d0b943312ea96e83d89c02389eacb6194790063&amp;smart=true&amp;width=992&amp;height=661&amp;quality=85\" media=\"(min-width: 1000px)\" \/><source srcset=\"https:\/\/www.infobae.com\/resizer\/v2\/PX6EA6RQJJEA7JGNPMH6AMKZ6Y.jpg?auth=232aa4ed40a0b5df61309e0a8d0b943312ea96e83d89c02389eacb6194790063&amp;smart=true&amp;width=768&amp;height=512&amp;quality=85\" media=\"(min-width: 768px)\" \/><source srcset=\"https:\/\/www.infobae.com\/resizer\/v2\/PX6EA6RQJJEA7JGNPMH6AMKZ6Y.jpg?auth=232aa4ed40a0b5df61309e0a8d0b943312ea96e83d89c02389eacb6194790063&amp;smart=true&amp;width=577&amp;height=385&amp;quality=85\" media=\"(min-width: 580px)\" \/><source srcset=\"https:\/\/www.infobae.com\/resizer\/v2\/PX6EA6RQJJEA7JGNPMH6AMKZ6Y.jpg?auth=232aa4ed40a0b5df61309e0a8d0b943312ea96e83d89c02389eacb6194790063&amp;smart=true&amp;width=420&amp;height=280&amp;quality=85\" media=\"(min-width: 350px)\" \/><source srcset=\"https:\/\/www.infobae.com\/resizer\/v2\/PX6EA6RQJJEA7JGNPMH6AMKZ6Y.jpg?auth=232aa4ed40a0b5df61309e0a8d0b943312ea96e83d89c02389eacb6194790063&amp;smart=true&amp;width=350&amp;height=233&amp;quality=85\" media=\"(min-width: 80px)\" \/><img loading=\"lazy\" decoding=\"async\" class=\"global-image\" src=\"https:\/\/www.infobae.com\/resizer\/v2\/PX6EA6RQJJEA7JGNPMH6AMKZ6Y.jpg?auth=232aa4ed40a0b5df61309e0a8d0b943312ea96e83d89c02389eacb6194790063&amp;smart=true&amp;width=350&amp;height=233&amp;quality=85\" alt=\"M\u00e1ximo Kirchner apunt\u00f3 contra Kicillof\" width=\"4059\" height=\"2706\" \/><\/picture>M\u00e1ximo Kirchner apunt\u00f3 contra Kicillof y reaviv\u00f3 la interna del peronismo (REUTERS\/Matias Baglietto)<\/div>\n<div class=\"inline_2_DSK ad-wrapper ad-desktop\">\n<div class=\"dfpAd ad-inline\">\n<div id=\"infobae\/politica\/nota\/inline_2_DSK\" class=\"infobae\/politica\/nota\/inline_2_DSK arcad\" data-google-query-id=\"CP3jhfqelZMDFWw1uQYdpacFoQ\">\n<div id=\"google_ads_iframe_\/1058609\/infobae\/politica\/nota\/inline_2_DSK_0__container__\"><\/div>\n<\/div>\n<\/div>\n<\/div>\n<p class=\"paragraph\" data-mrf-recirculation=\"Links inline\">Cristina Kirchner est\u00e1 al tanto de esas conversaciones y quiere que se expandan. Por eso le pidi\u00f3 a Miguel Pichetto, con el que se reuni\u00f3 una semana atr\u00e1s, que se concentren en trabajar en acuerdos parlamentarios, en un a\u00f1o que ser\u00e1 muy dif\u00edcil para el peronismo, golpeado por el recambio de c\u00e1maras tras la derrota electoral del a\u00f1o pasado.<\/p>\n<p class=\"paragraph\" data-mrf-recirculation=\"Links inline\"><b>La ex presidenta hace tiempo que viene planteando la necesidad de abrir canales de di\u00e1logos nuevos dentro del Congreso.\u00a0<\/b>Por eso hubo algunos contactos informales con el peronismo cordob\u00e9s, a trav\u00e9s de Ignacio Garc\u00eda Aresca, el hombre de confianza del gobernador de C\u00f3rdoba Mart\u00edn Llaryora, y tambi\u00e9n acuerdos t\u00e1cticos con sectores del radicalismo m\u00e1s duros. Consensos que se visibilizaron cuando votaron en conjunto la emergencia en discapacidad y el presupuesto de las universidades p\u00fablicas.<\/p>\n<p class=\"paragraph\" data-mrf-recirculation=\"Links inline\">En ese camino de di\u00e1logos cruzados que hay en el terreno opositor, uno de los temas centrales, que a\u00fan no tiene respuestas, es determinar cu\u00e1l es el lugar que ocupar\u00e1 Cristina Kirchner en el pr\u00f3ximo armando opositor.\u00a0<b>Existe cierto consenso de que no hay margen para armar un frente nacional sin incluir al kirchnerismo.<\/b>\u00a0En todo caso, lo que est\u00e1 en discusi\u00f3n es qu\u00e9 lugar ocupar\u00e1 la fuerza pol\u00edtica que lidera la ex mandataria.<\/p>\n<p class=\"paragraph\" data-mrf-recirculation=\"Links inline\">\u201cLa quieren fuera de la cancha porque, a pesar de la demonizaci\u00f3n que se hizo sobre ella, sigue teniendo uno de los caudales electorales m\u00e1s altos del pa\u00eds.\u00a0<b>Hay dirigentes que no hablan de esto y forman parte de normalizar la proscripci\u00f3n.<\/b>\u00a0Creo que la pol\u00edtica tiene que terminar con la hipocres\u00eda\u201d, dijo en las \u00faltimas horas la camporista\u00a0<b>Mayra Mendoza.<\/b><\/p>\n<div class=\"visual__image\"><picture><source srcset=\"https:\/\/www.infobae.com\/resizer\/v2\/GTB5EHQD2NEERAYSCK2UWV3DFQ.jpeg?auth=68e2ffa7aa69b6c7e59ac9011e37c2cd214e0819ac7406317447d58aa5c34414&amp;smart=true&amp;width=992&amp;height=992&amp;quality=85\" media=\"(min-width: 1000px)\" \/><source srcset=\"https:\/\/www.infobae.com\/resizer\/v2\/GTB5EHQD2NEERAYSCK2UWV3DFQ.jpeg?auth=68e2ffa7aa69b6c7e59ac9011e37c2cd214e0819ac7406317447d58aa5c34414&amp;smart=true&amp;width=768&amp;height=768&amp;quality=85\" media=\"(min-width: 768px)\" \/><source srcset=\"https:\/\/www.infobae.com\/resizer\/v2\/GTB5EHQD2NEERAYSCK2UWV3DFQ.jpeg?auth=68e2ffa7aa69b6c7e59ac9011e37c2cd214e0819ac7406317447d58aa5c34414&amp;smart=true&amp;width=577&amp;height=577&amp;quality=85\" media=\"(min-width: 580px)\" \/><source srcset=\"https:\/\/www.infobae.com\/resizer\/v2\/GTB5EHQD2NEERAYSCK2UWV3DFQ.jpeg?auth=68e2ffa7aa69b6c7e59ac9011e37c2cd214e0819ac7406317447d58aa5c34414&amp;smart=true&amp;width=420&amp;height=420&amp;quality=85\" media=\"(min-width: 350px)\" \/><source srcset=\"https:\/\/www.infobae.com\/resizer\/v2\/GTB5EHQD2NEERAYSCK2UWV3DFQ.jpeg?auth=68e2ffa7aa69b6c7e59ac9011e37c2cd214e0819ac7406317447d58aa5c34414&amp;smart=true&amp;width=350&amp;height=350&amp;quality=85\" media=\"(min-width: 80px)\" \/><img loading=\"lazy\" decoding=\"async\" class=\"global-image\" src=\"https:\/\/www.infobae.com\/resizer\/v2\/GTB5EHQD2NEERAYSCK2UWV3DFQ.jpeg?auth=68e2ffa7aa69b6c7e59ac9011e37c2cd214e0819ac7406317447d58aa5c34414&amp;smart=true&amp;width=350&amp;height=350&amp;quality=85\" alt=\"Mayra Mendoza durante su paso\" width=\"799\" height=\"799\" \/><\/picture>Mayra Mendoza durante su paso por la marcha del 8M en Brasil<\/div>\n<div><\/div>\n<p class=\"paragraph\" data-mrf-recirculation=\"Links inline\">La intendente de Quilmes en uso de licencia y actual legisladora provincial estuvo presente en una marcha que se realiz\u00f3 en R\u00edo de Janeiro por el D\u00eda de la Mujer. \u201cFrenar a Milei es recuperar la democracia y, necesitamos a Cristina en libertad para recuperar el pa\u00eds de la destrucci\u00f3n\u201d, asegur\u00f3 en uno de los actos.<\/p>\n<p class=\"paragraph\" data-mrf-recirculation=\"Links inline\">Despu\u00e9s, en una entrevista con la\u00a0<i>AM530\u00a0<\/i>reiter\u00f3 el pedido de una forma m\u00e1s concreta:\u00a0<b>\u201cPara poder frenar a Milei, Cristina tiene que estar en libertad y el peronismo tiene que tomar conciencia de eso\u201d.<\/b>\u00a0La C\u00e1mpora es la \u00fanica agrupaci\u00f3n pol\u00edtica que mantiene arriba la bandera de \u201cCristina Libre\u201d y que forcejea con otros sectores del peronismo para poner la consigna en la agenda central de la fuerza pol\u00edtica.<\/p>\n<p class=\"paragraph\" data-mrf-recirculation=\"Links inline\">El mensaje de Mendoza, en el que plantea que hay dirigentes que no se refieren al tema, y a los que trata de hip\u00f3critas, tiene un destinatario directo: Axel Kicillof. Al gobernador bonaerense no le perdonan su alejamiento de Cristina Kirchner y la ausencia en su discurso de un pedido concreto por la libertad de la ex presidenta.<\/p>\n<p class=\"paragraph\" data-mrf-recirculation=\"Links inline\">En la misma sinton\u00eda que la dirigente de Quilmes, pero en referencia a la interna del peronismo en la provincia de Buenos Aires, se expres\u00f3 M\u00e1ximo Kirchner. \u201cHay un momento en que las cosas deben resolverse. Uno no puede vivir en un estado de asamblea permanente, juntando 80 personas para decidir todo. Tiene que agarrar y decidir. Porque para eso tambi\u00e9n te votan. La laxitud de los tiempos, poco tiene que ver con las urgencias y necesidades de la gente\u201d, afirm\u00f3.<\/p>\n<p class=\"paragraph\" data-mrf-recirculation=\"Links inline\">El mensaje, que tambi\u00e9n est\u00e1 dirigido a\u00a0<b>Axel Kicillof<\/b>, tuvo un agregado: \u201cNo me vengan con la cantinela que pusimos palos en la rueda porque eso es una mentira de principio a fin\u201d. Los cuestionamientos tienen que ver con las decisiones que ha tomado el Gobernador respecto a la gesti\u00f3n pol\u00edtica, pero tambi\u00e9n respecto a su posicionamiento sobre el rol, la conducci\u00f3n y la detenci\u00f3n de CFK.<\/p>\n<div class=\"visual__image\"><picture><source srcset=\"https:\/\/www.infobae.com\/resizer\/v2\/NXIQSICJRRB4XBRULS6VQ7Z3R4.jpg?auth=55517b5edec678d3a00d6b6ac549369105642178dcf7486ce5c084c4aa4194bd&amp;smart=true&amp;width=992&amp;height=558&amp;quality=85\" media=\"(min-width: 1000px)\" \/><source srcset=\"https:\/\/www.infobae.com\/resizer\/v2\/NXIQSICJRRB4XBRULS6VQ7Z3R4.jpg?auth=55517b5edec678d3a00d6b6ac549369105642178dcf7486ce5c084c4aa4194bd&amp;smart=true&amp;width=768&amp;height=432&amp;quality=85\" media=\"(min-width: 768px)\" \/><source srcset=\"https:\/\/www.infobae.com\/resizer\/v2\/NXIQSICJRRB4XBRULS6VQ7Z3R4.jpg?auth=55517b5edec678d3a00d6b6ac549369105642178dcf7486ce5c084c4aa4194bd&amp;smart=true&amp;width=577&amp;height=325&amp;quality=85\" media=\"(min-width: 580px)\" \/><source srcset=\"https:\/\/www.infobae.com\/resizer\/v2\/NXIQSICJRRB4XBRULS6VQ7Z3R4.jpg?auth=55517b5edec678d3a00d6b6ac549369105642178dcf7486ce5c084c4aa4194bd&amp;smart=true&amp;width=420&amp;height=236&amp;quality=85\" media=\"(min-width: 350px)\" \/><source srcset=\"https:\/\/www.infobae.com\/resizer\/v2\/NXIQSICJRRB4XBRULS6VQ7Z3R4.jpg?auth=55517b5edec678d3a00d6b6ac549369105642178dcf7486ce5c084c4aa4194bd&amp;smart=true&amp;width=350&amp;height=197&amp;quality=85\" media=\"(min-width: 80px)\" \/><img loading=\"lazy\" decoding=\"async\" class=\"global-image\" src=\"https:\/\/www.infobae.com\/resizer\/v2\/NXIQSICJRRB4XBRULS6VQ7Z3R4.jpg?auth=55517b5edec678d3a00d6b6ac549369105642178dcf7486ce5c084c4aa4194bd&amp;smart=true&amp;width=350&amp;height=197&amp;quality=85\" alt=\"Cristina Kirchner y Axel Kicillof\" width=\"1920\" height=\"1080\" \/><\/picture>Cristina Kirchner y Axel Kicillof no se hablan hace varios meses. No tienen relaci\u00f3n<\/div>\n<p class=\"paragraph\" data-mrf-recirculation=\"Links inline\">Es justamente el lugar que va a ocupar la ex Jefa de Estado en el esquema pol\u00edtico que viene, uno de los debates que empezaron a darse en el peronismo y sus aliados o aquellos que quieren serlo. Por fuera del esquema kirchnerista hay una idea cada vez m\u00e1s clara y tiene que ver con que\u00a0<b>la propuesta electoral no tiene que tener a CFK en un lugar preponderante, pero la debe contener.<\/b><\/p>\n<p class=\"paragraph\" data-mrf-recirculation=\"Links inline\">El gran problema para ese sector es que c\u00f3mo lograr que eso ocurra. Hay, a priori, dos maneras. Una es en base a un acuerdo, en el que la ex presidenta acepte tener un rol p\u00fablico menos preponderante que los que ha tenido hist\u00f3ricamente. Otra es que se acuerden reglas de juego b\u00e1sicas, que haya una competencia, a trav\u00e9s de una PASO, y que la corriente peronista que no tiene sinton\u00eda fina con el mundo K, logre ganar esa disputa.<\/p>\n<p class=\"paragraph\" data-mrf-recirculation=\"Links inline\">En los hechos, ning\u00fan dirigente indentificado con el anti kirchnerismo, como Mart\u00edn Llaryora, Maximiliano Pullaro o Nacho Torres van a querer sumarse a una propuesta donde el cristinismo tenga preponderancia. Entonces, la hip\u00f3tesis que algunos dirigentes peronistas manejan, es que la negociaci\u00f3n con esos sectores sea para lograr un acuerdo t\u00e1cito de no agresi\u00f3n y no competencia. No juegues conmigo, pero tampoco me pongas un contrincante. Abstenci\u00f3n. De eso se trata.<\/p>\n<p class=\"paragraph\" data-mrf-recirculation=\"Links inline\">La potencia electoral que CFK a\u00fan conserva es la que le permite tener un lugar de importancia dentro del c\u00edrculo de negociaciones. Entre los sectores menos kirchneristas que quieren ser parte de la coalici\u00f3n creen que la ex presidenta tiene que correrse del lugar central que tuvo siempre, para que ese movimiento sea la forma de levantar la barrera y aglutinar a distintos dirigentes que pueden darle volumen a una coalici\u00f3n opositora.<\/p>\n<p data-mrf-recirculation=\"Links inline\">www.infobae.com<\/p>\n<\/div>\n<\/article>\n","protected":false},"excerpt":{"rendered":"<p>Por: Joaqu\u00edn M\u00fagica D\u00edaz\u00a0 &#8211;\u00a0 Kicillof avanza con su plan de acci\u00f3n presidencial sin el apoyo de la ex presidenta. Mientras, la C\u00e1mpora mantiene viva la campa\u00f1a por su libertad. El PJ federal y distintos sectores opositores no quieren que sea una figura predominante Cristina Kirchner volvi\u00f3 a salir al balc\u00f3n en la tarde de [&hellip;]<\/p>\n","protected":false},"author":4,"featured_media":146469,"comment_status":"closed","ping_status":"closed","sticky":false,"template":"","format":"standard","meta":{"footnotes":""},"categories":[4],"tags":[],"class_list":{"0":"post-146468","1":"post","2":"type-post","3":"status-publish","4":"format-standard","5":"has-post-thumbnail","7":"category-nacionales"},"_links":{"self":[{"href":"https:\/\/revistaesperanzas.com\/web\/wp-json\/wp\/v2\/posts\/146468","targetHints":{"allow":["GET"]}}],"collection":[{"href":"https:\/\/revistaesperanzas.com\/web\/wp-json\/wp\/v2\/posts"}],"about":[{"href":"https:\/\/revistaesperanzas.com\/web\/wp-json\/wp\/v2\/types\/post"}],"author":[{"embeddable":true,"href":"https:\/\/revistaesperanzas.com\/web\/wp-json\/wp\/v2\/users\/4"}],"replies":[{"embeddable":true,"href":"https:\/\/revistaesperanzas.com\/web\/wp-json\/wp\/v2\/comments?post=146468"}],"version-history":[{"count":1,"href":"https:\/\/revistaesperanzas.com\/web\/wp-json\/wp\/v2\/posts\/146468\/revisions"}],"predecessor-version":[{"id":146470,"href":"https:\/\/revistaesperanzas.com\/web\/wp-json\/wp\/v2\/posts\/146468\/revisions\/146470"}],"wp:featuredmedia":[{"embeddable":true,"href":"https:\/\/revistaesperanzas.com\/web\/wp-json\/wp\/v2\/media\/146469"}],"wp:attachment":[{"href":"https:\/\/revistaesperanzas.com\/web\/wp-json\/wp\/v2\/media?parent=146468"}],"wp:term":[{"taxonomy":"category","embeddable":true,"href":"https:\/\/revistaesperanzas.com\/web\/wp-json\/wp\/v2\/categories?post=146468"},{"taxonomy":"post_tag","embeddable":true,"href":"https:\/\/revistaesperanzas.com\/web\/wp-json\/wp\/v2\/tags?post=146468"}],"curies":[{"name":"wp","href":"https:\/\/api.w.org\/{rel}","templated":true}]}}