{"id":146478,"date":"2026-03-10T22:37:00","date_gmt":"2026-03-11T01:37:00","guid":{"rendered":"https:\/\/revistaesperanzas.com\/web\/?p=146478"},"modified":"2026-03-10T22:37:00","modified_gmt":"2026-03-11T01:37:00","slug":"policia-detiene-a-una-persona-y-recupera-varias-herramientas-robadas","status":"publish","type":"post","link":"https:\/\/revistaesperanzas.com\/web\/2026\/03\/policia-detiene-a-una-persona-y-recupera-varias-herramientas-robadas\/","title":{"rendered":"POLICIA DETIENE A UNA PERSONA Y RECUPERA VARIAS HERRAMIENTAS ROBADAS"},"content":{"rendered":"<p>CURUZU CUATIA &#8211; La Polic\u00eda recuper\u00f3 elementos sustra\u00eddos recientemente en poder del presunto autor.<\/p>\n<p>Efectivos policiales dependientes de la Comisaria de Distrito Primera de Curuz\u00fa Cuatia, en horas de la tarde de hoy 10-03-26, momentos en que se encontraban realizando recorridas de prevenci\u00f3n, observaron a un joven trasladando elementos de dudosa procedencia -herramientas varias- y al ser identificado se logro determinar que se tratar\u00eda de un mayor de edad de edad, alias \u201cpecan\u201d.<\/p>\n<p>Posteriormente, continuando con la l\u00ednea investigativa se logr\u00f3 determinar que dichos elementos habr\u00edan sido recientemente sustra\u00eddos de un taller ubicado en las inmediaciones.<\/p>\n<p>Al respecto, los elementos secuestrados y la persona demorada fueron puestos a disposici\u00f3n de la justicia y trasladados hasta la mencionada comisaria a fin de continuar con las diligencias del caso<\/p>\n","protected":false},"excerpt":{"rendered":"<p>CURUZU CUATIA &#8211; La Polic\u00eda recuper\u00f3 elementos sustra\u00eddos recientemente en poder del presunto autor. Efectivos policiales dependientes de la Comisaria de Distrito Primera de Curuz\u00fa Cuatia, en horas de la tarde de hoy 10-03-26, momentos en que se encontraban realizando recorridas de prevenci\u00f3n, observaron a un joven trasladando elementos de dudosa procedencia -herramientas varias- y [&hellip;]<\/p>\n","protected":false},"author":4,"featured_media":146479,"comment_status":"closed","ping_status":"closed","sticky":false,"template":"","format":"standard","meta":{"footnotes":""},"categories":[58],"tags":[],"class_list":{"0":"post-146478","1":"post","2":"type-post","3":"status-publish","4":"format-standard","5":"has-post-thumbnail","7":"category-corrientes"},"_links":{"self":[{"href":"https:\/\/revistaesperanzas.com\/web\/wp-json\/wp\/v2\/posts\/146478","targetHints":{"allow":["GET"]}}],"collection":[{"href":"https:\/\/revistaesperanzas.com\/web\/wp-json\/wp\/v2\/posts"}],"about":[{"href":"https:\/\/revistaesperanzas.com\/web\/wp-json\/wp\/v2\/types\/post"}],"author":[{"embeddable":true,"href":"https:\/\/revistaesperanzas.com\/web\/wp-json\/wp\/v2\/users\/4"}],"replies":[{"embeddable":true,"href":"https:\/\/revistaesperanzas.com\/web\/wp-json\/wp\/v2\/comments?post=146478"}],"version-history":[{"count":1,"href":"https:\/\/revistaesperanzas.com\/web\/wp-json\/wp\/v2\/posts\/146478\/revisions"}],"predecessor-version":[{"id":146480,"href":"https:\/\/revistaesperanzas.com\/web\/wp-json\/wp\/v2\/posts\/146478\/revisions\/146480"}],"wp:featuredmedia":[{"embeddable":true,"href":"https:\/\/revistaesperanzas.com\/web\/wp-json\/wp\/v2\/media\/146479"}],"wp:attachment":[{"href":"https:\/\/revistaesperanzas.com\/web\/wp-json\/wp\/v2\/media?parent=146478"}],"wp:term":[{"taxonomy":"category","embeddable":true,"href":"https:\/\/revistaesperanzas.com\/web\/wp-json\/wp\/v2\/categories?post=146478"},{"taxonomy":"post_tag","embeddable":true,"href":"https:\/\/revistaesperanzas.com\/web\/wp-json\/wp\/v2\/tags?post=146478"}],"curies":[{"name":"wp","href":"https:\/\/api.w.org\/{rel}","templated":true}]}}