{"id":146491,"date":"2026-03-10T22:58:24","date_gmt":"2026-03-11T01:58:24","guid":{"rendered":"https:\/\/revistaesperanzas.com\/web\/?p=146491"},"modified":"2026-03-10T22:58:24","modified_gmt":"2026-03-11T01:58:24","slug":"jornada-de-encuentro-y-fortalecimiento-entre-mujeres","status":"publish","type":"post","link":"https:\/\/revistaesperanzas.com\/web\/2026\/03\/jornada-de-encuentro-y-fortalecimiento-entre-mujeres\/","title":{"rendered":"JORNADA DE ENCUENTRO Y FORTALECIMIENTO ENTRE MUJERES"},"content":{"rendered":"<p style=\"font-weight: 400;\"><a href=\"https:\/\/revistaesperanzas.com\/web\/2026\/03\/jornada-de-encuentro-y-fortalecimiento-entre-mujeres\/mujeres-que-impulsan-2\/\" rel=\"attachment wp-att-146493\"><img loading=\"lazy\" decoding=\"async\" class=\" wp-image-146493 alignleft\" src=\"https:\/\/revistaesperanzas.com\/web\/wp-content\/uploads\/2026\/03\/MUJERES-QUE-IMPULSAN-2.jpeg\" alt=\"\" width=\"400\" height=\"266\" \/><\/a>En el marco de las actividades destinadas a reconocer y fortalecer el rol de la mujer en la comunidad, este pasado lunes 9 de marzo en el Sal\u00f3n del Club Hurac\u00e1n se llev\u00f3 adelante el encuentro \u201cMujeres que impulsan\u201d organizado por la Municipalidad de Goya a trav\u00e9s de la Direcci\u00f3n de Promoci\u00f3n Social, que reuni\u00f3 a 110 mujeres, quienes participaron de una jornada<a href=\"https:\/\/revistaesperanzas.com\/web\/2026\/03\/jornada-de-encuentro-y-fortalecimiento-entre-mujeres\/mujeres-que-impulsan-4\/\" rel=\"attachment wp-att-146494\"><img loading=\"lazy\" decoding=\"async\" class=\" wp-image-146494 alignright\" src=\"https:\/\/revistaesperanzas.com\/web\/wp-content\/uploads\/2026\/03\/MUJERES-QUE-IMPULSAN-4.jpeg\" alt=\"\" width=\"400\" height=\"266\" \/><\/a> din\u00e1mica de intercambio, reflexi\u00f3n y motivaci\u00f3n.<\/p>\n<p style=\"font-weight: 400;\">La actividad comenz\u00f3 con unas palabras de bienvenida y luego, mediante una din\u00e1mica participativa, las asistentes fueron divididas por colores y organizadas en diferentes mesas, con el objetivo de promover el<a href=\"https:\/\/revistaesperanzas.com\/web\/2026\/03\/jornada-de-encuentro-y-fortalecimiento-entre-mujeres\/mujeres-que-impulsan-5\/\" rel=\"attachment wp-att-146495\"><img loading=\"lazy\" decoding=\"async\" class=\" wp-image-146495 alignleft\" src=\"https:\/\/revistaesperanzas.com\/web\/wp-content\/uploads\/2026\/03\/MUJERES-QUE-IMPULSAN-5.jpeg\" alt=\"\" width=\"400\" height=\"266\" \/><\/a> intercambio de ideas y experiencias entre mujeres de distintos \u00e1mbitos.<\/p>\n<p style=\"font-weight: 400;\">Durante el encuentro se realizaron actividades participativas, donde las mujeres compartieron reflexiones y experiencias personales, generando un espacio de escucha, acompa\u00f1amiento y fortalecimiento mutuo.<a href=\"https:\/\/revistaesperanzas.com\/web\/2026\/03\/jornada-de-encuentro-y-fortalecimiento-entre-mujeres\/mujeres-que-impulsan-1\/\" rel=\"attachment wp-att-146496\"><img loading=\"lazy\" decoding=\"async\" class=\" wp-image-146496 alignright\" src=\"https:\/\/revistaesperanzas.com\/web\/wp-content\/uploads\/2026\/03\/MUJERES-QUE-IMPULSAN-1.jpeg\" alt=\"\" width=\"400\" height=\"266\" \/><\/a><\/p>\n<p style=\"font-weight: 400;\">Tambi\u00e9n se desarroll\u00f3 una actividad recreativa denominada \u201craspadita\u201d, en la que se entregaron premios a las participantes, generando un momento de alegr\u00eda y distensi\u00f3n.<\/p>\n<p style=\"font-weight: 400;\">Uno de los momentos m\u00e1s significativos del encuentro fue el espacio \u201cVoces protagonistas\u201d, donde cuatro emprendedoras<a href=\"https:\/\/revistaesperanzas.com\/web\/2026\/03\/jornada-de-encuentro-y-fortalecimiento-entre-mujeres\/mujeres-que-impulsan-3\/\" rel=\"attachment wp-att-146497\"><img loading=\"lazy\" decoding=\"async\" class=\" wp-image-146497 alignleft\" src=\"https:\/\/revistaesperanzas.com\/web\/wp-content\/uploads\/2026\/03\/MUJERES-QUE-IMPULSAN-3.jpeg\" alt=\"\" width=\"400\" height=\"266\" \/><\/a> compartieron sus experiencias de vida, contando c\u00f3mo comenzaron sus emprendimientos, los desaf\u00edos que atravesaron y el camino recorrido como mujeres emprendedoras.<\/p>\n<p style=\"font-weight: 400;\">Para finalizar la jornada se realiz\u00f3 un sorteo entre las participantes, cerrando el encuentro con un momento de celebraci\u00f3n y<a href=\"https:\/\/revistaesperanzas.com\/web\/2026\/03\/jornada-de-encuentro-y-fortalecimiento-entre-mujeres\/mujeres-que-impulsan-7\/\" rel=\"attachment wp-att-146498\"><img loading=\"lazy\" decoding=\"async\" class=\" wp-image-146498 alignright\" src=\"https:\/\/revistaesperanzas.com\/web\/wp-content\/uploads\/2026\/03\/MUJERES-QUE-IMPULSAN-7.jpeg\" alt=\"\" width=\"400\" height=\"266\" \/><\/a> agradecimiento.<\/p>\n<p style=\"font-weight: 400;\">El evento cont\u00f3 con la presencia de autoridades y funcionarios, entre ellos la concejal Susana Quiroz, la directora de Acci\u00f3n Social Victoria Gonzales, la directora de Caja de Pr\u00e9stamos Andrea Ojeda, la directora de Salud Mental Sabrina Coronel, el coordinador de la Sala San Ram\u00f3n H\u00e9ctor S\u00e1nchez y el<a href=\"https:\/\/revistaesperanzas.com\/web\/2026\/03\/jornada-de-encuentro-y-fortalecimiento-entre-mujeres\/mujeres-que-impulsan-8\/\" rel=\"attachment wp-att-146499\"><img loading=\"lazy\" decoding=\"async\" class=\" wp-image-146499 alignleft\" src=\"https:\/\/revistaesperanzas.com\/web\/wp-content\/uploads\/2026\/03\/MUJERES-QUE-IMPULSAN-8.jpeg\" alt=\"\" width=\"400\" height=\"266\" \/><\/a> coordinador del CIC Sur Francisco Ram\u00edrez.<\/p>\n<p style=\"font-weight: 400;\">Fue una jornada de encuentro, aprendizaje y fortalecimiento entre mujeres, donde se promovi\u00f3 la importancia de acompa\u00f1arse, apoyarse y potenciarse mutuamente.<a href=\"https:\/\/revistaesperanzas.com\/web\/2026\/03\/jornada-de-encuentro-y-fortalecimiento-entre-mujeres\/mujeres-que-impulsan-9\/\" rel=\"attachment wp-att-146500\"><img loading=\"lazy\" decoding=\"async\" class=\" wp-image-146500 alignright\" src=\"https:\/\/revistaesperanzas.com\/web\/wp-content\/uploads\/2026\/03\/MUJERES-QUE-IMPULSAN-9.jpeg\" alt=\"\" width=\"400\" height=\"266\" \/><\/a><\/p>\n<p style=\"font-weight: 400;\">&#8220;Entre mujeres nos fortalecemos, nos acompa\u00f1amos y crecemos juntas.\u201d<a href=\"https:\/\/revistaesperanzas.com\/web\/2026\/03\/jornada-de-encuentro-y-fortalecimiento-entre-mujeres\/mujeres-que-impulsan-11-2\/\" rel=\"attachment wp-att-146502\"><img loading=\"lazy\" decoding=\"async\" class=\"alignnone  wp-image-146502\" src=\"https:\/\/revistaesperanzas.com\/web\/wp-content\/uploads\/2026\/03\/MUJERES-QUE-IMPULSAN-11-1.jpeg\" alt=\"\" width=\"698\" height=\"341\" srcset=\"https:\/\/revistaesperanzas.com\/web\/wp-content\/uploads\/2026\/03\/MUJERES-QUE-IMPULSAN-11-1.jpeg 600w, https:\/\/revistaesperanzas.com\/web\/wp-content\/uploads\/2026\/03\/MUJERES-QUE-IMPULSAN-11-1-533x261.jpeg 533w\" sizes=\"auto, (max-width: 698px) 100vw, 698px\" \/><\/a><\/p>\n","protected":false},"excerpt":{"rendered":"<p>En el marco de las actividades destinadas a reconocer y fortalecer el rol de la mujer en la comunidad, este pasado lunes 9 de marzo en el Sal\u00f3n del Club Hurac\u00e1n se llev\u00f3 adelante el encuentro \u201cMujeres que impulsan\u201d organizado por la Municipalidad de Goya a trav\u00e9s de la Direcci\u00f3n de Promoci\u00f3n Social, que reuni\u00f3 [&hellip;]<\/p>\n","protected":false},"author":4,"featured_media":146492,"comment_status":"closed","ping_status":"closed","sticky":false,"template":"","format":"standard","meta":{"footnotes":""},"categories":[45],"tags":[],"class_list":{"0":"post-146491","1":"post","2":"type-post","3":"status-publish","4":"format-standard","5":"has-post-thumbnail","7":"category-locales"},"_links":{"self":[{"href":"https:\/\/revistaesperanzas.com\/web\/wp-json\/wp\/v2\/posts\/146491","targetHints":{"allow":["GET"]}}],"collection":[{"href":"https:\/\/revistaesperanzas.com\/web\/wp-json\/wp\/v2\/posts"}],"about":[{"href":"https:\/\/revistaesperanzas.com\/web\/wp-json\/wp\/v2\/types\/post"}],"author":[{"embeddable":true,"href":"https:\/\/revistaesperanzas.com\/web\/wp-json\/wp\/v2\/users\/4"}],"replies":[{"embeddable":true,"href":"https:\/\/revistaesperanzas.com\/web\/wp-json\/wp\/v2\/comments?post=146491"}],"version-history":[{"count":2,"href":"https:\/\/revistaesperanzas.com\/web\/wp-json\/wp\/v2\/posts\/146491\/revisions"}],"predecessor-version":[{"id":146504,"href":"https:\/\/revistaesperanzas.com\/web\/wp-json\/wp\/v2\/posts\/146491\/revisions\/146504"}],"wp:featuredmedia":[{"embeddable":true,"href":"https:\/\/revistaesperanzas.com\/web\/wp-json\/wp\/v2\/media\/146492"}],"wp:attachment":[{"href":"https:\/\/revistaesperanzas.com\/web\/wp-json\/wp\/v2\/media?parent=146491"}],"wp:term":[{"taxonomy":"category","embeddable":true,"href":"https:\/\/revistaesperanzas.com\/web\/wp-json\/wp\/v2\/categories?post=146491"},{"taxonomy":"post_tag","embeddable":true,"href":"https:\/\/revistaesperanzas.com\/web\/wp-json\/wp\/v2\/tags?post=146491"}],"curies":[{"name":"wp","href":"https:\/\/api.w.org\/{rel}","templated":true}]}}