{"id":146505,"date":"2026-03-10T23:02:52","date_gmt":"2026-03-11T02:02:52","guid":{"rendered":"https:\/\/revistaesperanzas.com\/web\/?p=146505"},"modified":"2026-03-10T23:04:15","modified_gmt":"2026-03-11T02:04:15","slug":"8-anos-del-frigorifico-goya-una-gestion-de-calidad-en-crecimiento","status":"publish","type":"post","link":"https:\/\/revistaesperanzas.com\/web\/2026\/03\/8-anos-del-frigorifico-goya-una-gestion-de-calidad-en-crecimiento\/","title":{"rendered":"8 A\u00d1OS DEL FRIGOR\u00cdFICO GOYA, UNA GESTI\u00d3N DE CALIDAD EN CRECIMIENTO"},"content":{"rendered":"<p>El frigor\u00edfico municipal de Goya est\u00e1 cumpliendo 8 a\u00f1os desde su puesta en funcionamiento<a href=\"https:\/\/revistaesperanzas.com\/web\/2026\/03\/8-anos-del-frigorifico-goya-una-gestion-de-calidad-en-crecimiento\/frigorifico-2\/\" rel=\"attachment wp-att-146508\"><img loading=\"lazy\" decoding=\"async\" class=\" wp-image-146508 alignleft\" src=\"https:\/\/revistaesperanzas.com\/web\/wp-content\/uploads\/2026\/03\/FRIGORIFICO-2.jpeg\" alt=\"\" width=\"401\" height=\"546\" srcset=\"https:\/\/revistaesperanzas.com\/web\/wp-content\/uploads\/2026\/03\/FRIGORIFICO-2.jpeg 479w, https:\/\/revistaesperanzas.com\/web\/wp-content\/uploads\/2026\/03\/FRIGORIFICO-2-309x420.jpeg 309w\" sizes=\"auto, (max-width: 401px) 100vw, 401px\" \/><\/a> en el 2018, ubicado en paraje San Pedro, las modernas instalaciones brindan un servicio eficiente y de calidad posicionando a la planta faenadora de Goya entre unas de las primeras de la Provincia, es decisi\u00f3n de la gesti\u00f3n municipal continuar potenciando este frigor\u00edfico otorg\u00e1ndole mayor capacidad de producci\u00f3n por lo que se trabaja en forma articulada con el gobierno provincial para seguir logrando estos objetivos.<\/p>\n<p style=\"font-weight: 400;\">Desde marzo de 2018, en nuestro establecimiento se faenaron 92.936 bovinos, siendo el a\u00f1o 2025 el periodo r\u00e9cord con 15.550 bovinos faenados.<\/p>\n<p style=\"font-weight: 400;\">Estos n\u00fameros consolidan al frigor\u00edfico Goya como el segundo establecimiento faenador de la Provincia.<a href=\"https:\/\/revistaesperanzas.com\/web\/2026\/03\/8-anos-del-frigorifico-goya-una-gestion-de-calidad-en-crecimiento\/frigorifico-3\/\" rel=\"attachment wp-att-146509\"><img loading=\"lazy\" decoding=\"async\" class=\" wp-image-146509 alignright\" src=\"https:\/\/revistaesperanzas.com\/web\/wp-content\/uploads\/2026\/03\/FRIGORIFICO-3.jpeg\" alt=\"\" width=\"499\" height=\"341\" srcset=\"https:\/\/revistaesperanzas.com\/web\/wp-content\/uploads\/2026\/03\/FRIGORIFICO-3.jpeg 600w, https:\/\/revistaesperanzas.com\/web\/wp-content\/uploads\/2026\/03\/FRIGORIFICO-3-218x150.jpeg 218w\" sizes=\"auto, (max-width: 499px) 100vw, 499px\" \/><\/a><\/p>\n<p style=\"font-weight: 400;\">Esta cifra nos llena de orgullo, pero tambi\u00e9n nos compromete a seguir gestionando para asegurar la sanidad de la producci\u00f3n de la carne.<\/p>\n<p style=\"font-weight: 400;\">Desde su instalaci\u00f3n, hace 8 a\u00f1os, la capacidad operativa refleja el crecimiento de producci\u00f3n en m\u00e1s de un 100% en faenas, en el 2018 se faenaron 7257, en 2025 se realizaron 15550 faenas. Estas estad\u00edsticas demuestran el desarrollo, en menos de 8 a\u00f1os, de la Planta Faenadora del Frigor\u00edfico Goya.<\/p>\n","protected":false},"excerpt":{"rendered":"<p>El frigor\u00edfico municipal de Goya est\u00e1 cumpliendo 8 a\u00f1os desde su puesta en funcionamiento en el 2018, ubicado en paraje San Pedro, las modernas instalaciones brindan un servicio eficiente y de calidad posicionando a la planta faenadora de Goya entre unas de las primeras de la Provincia, es decisi\u00f3n de la gesti\u00f3n municipal continuar potenciando [&hellip;]<\/p>\n","protected":false},"author":4,"featured_media":146507,"comment_status":"closed","ping_status":"closed","sticky":false,"template":"","format":"standard","meta":{"footnotes":""},"categories":[45],"tags":[],"class_list":{"0":"post-146505","1":"post","2":"type-post","3":"status-publish","4":"format-standard","5":"has-post-thumbnail","7":"category-locales"},"_links":{"self":[{"href":"https:\/\/revistaesperanzas.com\/web\/wp-json\/wp\/v2\/posts\/146505","targetHints":{"allow":["GET"]}}],"collection":[{"href":"https:\/\/revistaesperanzas.com\/web\/wp-json\/wp\/v2\/posts"}],"about":[{"href":"https:\/\/revistaesperanzas.com\/web\/wp-json\/wp\/v2\/types\/post"}],"author":[{"embeddable":true,"href":"https:\/\/revistaesperanzas.com\/web\/wp-json\/wp\/v2\/users\/4"}],"replies":[{"embeddable":true,"href":"https:\/\/revistaesperanzas.com\/web\/wp-json\/wp\/v2\/comments?post=146505"}],"version-history":[{"count":2,"href":"https:\/\/revistaesperanzas.com\/web\/wp-json\/wp\/v2\/posts\/146505\/revisions"}],"predecessor-version":[{"id":146511,"href":"https:\/\/revistaesperanzas.com\/web\/wp-json\/wp\/v2\/posts\/146505\/revisions\/146511"}],"wp:featuredmedia":[{"embeddable":true,"href":"https:\/\/revistaesperanzas.com\/web\/wp-json\/wp\/v2\/media\/146507"}],"wp:attachment":[{"href":"https:\/\/revistaesperanzas.com\/web\/wp-json\/wp\/v2\/media?parent=146505"}],"wp:term":[{"taxonomy":"category","embeddable":true,"href":"https:\/\/revistaesperanzas.com\/web\/wp-json\/wp\/v2\/categories?post=146505"},{"taxonomy":"post_tag","embeddable":true,"href":"https:\/\/revistaesperanzas.com\/web\/wp-json\/wp\/v2\/tags?post=146505"}],"curies":[{"name":"wp","href":"https:\/\/api.w.org\/{rel}","templated":true}]}}