{"id":146538,"date":"2026-03-10T23:42:33","date_gmt":"2026-03-11T02:42:33","guid":{"rendered":"https:\/\/revistaesperanzas.com\/web\/?p=146538"},"modified":"2026-03-10T23:42:33","modified_gmt":"2026-03-11T02:42:33","slug":"paso-de-la-patria-promociona-en-goya-el-regreso-del-28-torneo-apertura-de-pesca-del-dorado","status":"publish","type":"post","link":"https:\/\/revistaesperanzas.com\/web\/2026\/03\/paso-de-la-patria-promociona-en-goya-el-regreso-del-28-torneo-apertura-de-pesca-del-dorado\/","title":{"rendered":"PASO DE LA PATRIA PROMOCIONA EN GOYA EL REGRESO DEL 28\u00b0 TORNEO APERTURA DE PESCA DEL DORADO"},"content":{"rendered":"<p>Mi\u00e9rcoles 11 horas:<\/p>\n<p>La localidad de Paso de la Patria se prepara para vivir nuevamente uno de sus eventos m\u00e1s tradicionales con la realizaci\u00f3n del 28\u00b0 Torneo Apertura de Pesca del Dorado, un cl\u00e1sico del calendario tur\u00edstico y deportivo que volver\u00e1 a realizarse tras varios a\u00f1os de intervalo.<\/p>\n<p>En el marco de la gira promocional del evento, este mi\u00e9rcoles 11 de marzo a las 11 horas se llevar\u00e1 a cabo una conferencia de prensa en el Flotante (Muelle de Prefectura), donde se brindar\u00e1n detalles sobre la organizaci\u00f3n y las actividades previstas para el concurso pesquero.<\/p>\n<p>Desde la organizaci\u00f3n invitan a periodistas y comunicadores a participar de la cobertura de la presentaci\u00f3n, oportunidad en la que se dar\u00e1 a conocer informaci\u00f3n vinculada al desarrollo del torneo, que tendr\u00e1 lugar del 2 al 5 de abril en Paso de la Patria.<\/p>\n<p>Adem\u00e1s, la realizaci\u00f3n del torneo coincidir\u00e1 con el movimiento tur\u00edstico de Semana Santa, lo que se proyecta como un importante impulso para la actividad tur\u00edstica, gastron\u00f3mica y hotelera de la villa tur\u00edstica correntina.<\/p>\n<p>&nbsp;<\/p>\n","protected":false},"excerpt":{"rendered":"<p>Mi\u00e9rcoles 11 horas: La localidad de Paso de la Patria se prepara para vivir nuevamente uno de sus eventos m\u00e1s tradicionales con la realizaci\u00f3n del 28\u00b0 Torneo Apertura de Pesca del Dorado, un cl\u00e1sico del calendario tur\u00edstico y deportivo que volver\u00e1 a realizarse tras varios a\u00f1os de intervalo. En el marco de la gira promocional [&hellip;]<\/p>\n","protected":false},"author":4,"featured_media":146539,"comment_status":"closed","ping_status":"closed","sticky":false,"template":"","format":"standard","meta":{"footnotes":""},"categories":[45],"tags":[],"class_list":{"0":"post-146538","1":"post","2":"type-post","3":"status-publish","4":"format-standard","5":"has-post-thumbnail","7":"category-locales"},"_links":{"self":[{"href":"https:\/\/revistaesperanzas.com\/web\/wp-json\/wp\/v2\/posts\/146538","targetHints":{"allow":["GET"]}}],"collection":[{"href":"https:\/\/revistaesperanzas.com\/web\/wp-json\/wp\/v2\/posts"}],"about":[{"href":"https:\/\/revistaesperanzas.com\/web\/wp-json\/wp\/v2\/types\/post"}],"author":[{"embeddable":true,"href":"https:\/\/revistaesperanzas.com\/web\/wp-json\/wp\/v2\/users\/4"}],"replies":[{"embeddable":true,"href":"https:\/\/revistaesperanzas.com\/web\/wp-json\/wp\/v2\/comments?post=146538"}],"version-history":[{"count":1,"href":"https:\/\/revistaesperanzas.com\/web\/wp-json\/wp\/v2\/posts\/146538\/revisions"}],"predecessor-version":[{"id":146540,"href":"https:\/\/revistaesperanzas.com\/web\/wp-json\/wp\/v2\/posts\/146538\/revisions\/146540"}],"wp:featuredmedia":[{"embeddable":true,"href":"https:\/\/revistaesperanzas.com\/web\/wp-json\/wp\/v2\/media\/146539"}],"wp:attachment":[{"href":"https:\/\/revistaesperanzas.com\/web\/wp-json\/wp\/v2\/media?parent=146538"}],"wp:term":[{"taxonomy":"category","embeddable":true,"href":"https:\/\/revistaesperanzas.com\/web\/wp-json\/wp\/v2\/categories?post=146538"},{"taxonomy":"post_tag","embeddable":true,"href":"https:\/\/revistaesperanzas.com\/web\/wp-json\/wp\/v2\/tags?post=146538"}],"curies":[{"name":"wp","href":"https:\/\/api.w.org\/{rel}","templated":true}]}}